{"id":262786,"date":"2022-11-19T11:27:46","date_gmt":"2022-11-19T09:27:46","guid":{"rendered":"http:\/\/107.6.182.27\/es\/?p=262786"},"modified":"2023-01-10T15:12:12","modified_gmt":"2023-01-10T13:12:12","slug":"cuba-llama-a-incrementar-relaciones-comerciales-con-siria","status":"publish","type":"post","link":"https:\/\/archive.sana.sy\/es\/?p=262786","title":{"rendered":"Cuba llama a incrementar relaciones comerciales con Siria"},"content":{"rendered":"<p style=\"text-align: justify;\"><span style=\"color: #800000;\"><strong>La Habana, 19 nov (SANA)\u00a0<\/strong> <\/span>\u00a0La primera viceministra de Comercio Exterior e Inversi\u00f3n Extranjera de Cuba, Ana Teresita Gonz\u00e1lez, llam\u00f3 a incrementar las relaciones comerciales entre Cuba y Siria.<\/p>\n<p style=\"text-align: justify;\">La titular cubana expres\u00f3 su admiraci\u00f3n por el pabell\u00f3n sirio en la Feria Internacional de Industrias que se realiza en la capital cubana, e invit\u00f3 a todas las actividades econ\u00f3micas y de inversi\u00f3n sirias a participar en la pr\u00f3xima feria de La Habana como una de las formas para elevar los lazos econ\u00f3micos al nivel de relaciones pol\u00edticas distinguidas.<\/p>\n<p style=\"text-align: justify;\">El pabell\u00f3n sirio fue testigo de una gran concurrencia de visitantes que mostraron su admiraci\u00f3n por Siria, su historia y cultura, expresando su solidaridad con ella contra la guerra y las medidas coercitivas econ\u00f3micas unilaterales impuestas.<\/p>\n<p style=\"text-align: justify;\">La Feria Internacional de La Habana fue inaugurada el pasado lunes con la participaci\u00f3n de 62 pa\u00edses, incluida Siria, adem\u00e1s de cientas de empresas extranjeras y cubanas especializadas en salud, industria alimentaria, electr\u00f3nica y construcci\u00f3n.<\/p>\n<p style=\"text-align: justify;\">ed\/sm<\/p>\n","protected":false},"excerpt":{"rendered":"<p>La Habana, 19 nov (SANA)\u00a0 \u00a0La primera viceministra de Comercio Exterior e Inversi\u00f3n Extranjera de Cuba, Ana Teresita Gonz\u00e1lez, llam\u00f3 a incrementar las relaciones comerciales entre Cuba y Siria. La titular cubana expres\u00f3 su admiraci\u00f3n por el pabell\u00f3n sirio en la Feria Internacional de Industrias que se realiza en la capital cubana, e invit\u00f3 a &hellip;<\/p>\n","protected":false},"author":32,"featured_media":262787,"comment_status":"closed","ping_status":"closed","sticky":false,"template":"","format":"standard","meta":{"footnotes":""},"categories":[597,16686,485,467,7541],"tags":[6868,21511,6553],"class_list":["post-262786","post","type-post","status-publish","format-standard","has-post-thumbnail","","category-cinta-de-noticias","category-economia","category-informes-negocios-y-finanzas","category-siria-y-el-mundo","category-ultimas-noticias","tag-cuba","tag-relaciones-comerciales","tag-siria"],"_links":{"self":[{"href":"https:\/\/archive.sana.sy\/es\/index.php?rest_route=\/wp\/v2\/posts\/262786"}],"collection":[{"href":"https:\/\/archive.sana.sy\/es\/index.php?rest_route=\/wp\/v2\/posts"}],"about":[{"href":"https:\/\/archive.sana.sy\/es\/index.php?rest_route=\/wp\/v2\/types\/post"}],"author":[{"embeddable":true,"href":"https:\/\/archive.sana.sy\/es\/index.php?rest_route=\/wp\/v2\/users\/32"}],"replies":[{"embeddable":true,"href":"https:\/\/archive.sana.sy\/es\/index.php?rest_route=%2Fwp%2Fv2%2Fcomments&post=262786"}],"version-history":[{"count":0,"href":"https:\/\/archive.sana.sy\/es\/index.php?rest_route=\/wp\/v2\/posts\/262786\/revisions"}],"wp:featuredmedia":[{"embeddable":true,"href":"https:\/\/archive.sana.sy\/es\/index.php?rest_route=\/wp\/v2\/media\/262787"}],"wp:attachment":[{"href":"https:\/\/archive.sana.sy\/es\/index.php?rest_route=%2Fwp%2Fv2%2Fmedia&parent=262786"}],"wp:term":[{"taxonomy":"category","embeddable":true,"href":"https:\/\/archive.sana.sy\/es\/index.php?rest_route=%2Fwp%2Fv2%2Fcategories&post=262786"},{"taxonomy":"post_tag","embeddable":true,"href":"https:\/\/archive.sana.sy\/es\/index.php?rest_route=%2Fwp%2Fv2%2Ftags&post=262786"}],"curies":[{"name":"wp","href":"https:\/\/api.w.org\/{rel}","templated":true}]}}