{"id":26279,"date":"2015-07-08T12:18:36","date_gmt":"2015-07-08T09:18:36","guid":{"rendered":"http:\/\/sana.sy\/es\/?p=26279"},"modified":"2015-07-08T12:18:36","modified_gmt":"2015-07-08T09:18:36","slug":"2200-armados-de-origen-ruso-combaten-junto-a-los-terroristas-en-irak-y-siria","status":"publish","type":"post","link":"https:\/\/archive.sana.sy\/es\/?p=26279","title":{"rendered":"2200 armados de origen ruso combaten junto a los terroristas en Irak y Siria"},"content":{"rendered":"<div><span lang=\"ES-TRAD\" style=\"color: #ff0000\">Mosc\u00fa, SANA<\/span><\/div>\n<div><\/div>\n<div><span lang=\"ES-TRAD\">El viceministro de Exteriores de Rusia para Asuntos de Lucha antiterrorista, Oleg Syromolotov, inform\u00f3 que alrededor de 2200 armados de origen ruso luchan en las filas de los grupos terroristas en Irak y Siria, y advirti\u00f3 que estas cifras son muy alarmantes.<\/span><\/div>\n<div><\/div>\n<div><span lang=\"ES-TRAD\">El viceministro ruso agreg\u00f3 que \u201centre ellos, unos 500 proced\u00edan de Europa, donde hab\u00edan obtenido anteriormente la ciudadan\u00eda, permiso de residencia o la condici\u00f3n de refugiado\u201d.<\/span><\/div>\n<div><\/div>\n<div><span lang=\"ES-TRAD\">Syromolotov asegur\u00f3 que las autoridades rusas est\u00e1n al tanto de los peligros del acercamiento de los elementos terroristas hacia el territorio ruso.<\/span><\/div>\n<div><\/div>\n<div><span lang=\"ES-TRAD\">Asimismo, agreg\u00f3 que Mosc\u00fa har\u00e1 todo lo posible para evitar la entrada de las \u201cideas radicales\u201d a la sociedad rusa.<\/span><\/div>\n<div><span lang=\"ES-TRAD\">\u00a0<\/span><\/div>\n<div><span lang=\"ES-TRAD\">El diplom\u00e1tico ruso hizo hincapi\u00e9 en que cualquier estrategia eficaz para combatir a los terroristas del EI debe basarse en la formaci\u00f3n de una coalici\u00f3n internacional que opera a base de una legalidad plena, es decir, las resoluciones de las Naciones Unidas.<\/span><\/div>\n<div><\/div>\n<div><span style=\"color: #00ccff\">Fady M., Hala B.<\/span><\/div>\n","protected":false},"excerpt":{"rendered":"<p>Mosc\u00fa, SANA El viceministro de Exteriores de Rusia para Asuntos de Lucha antiterrorista, Oleg Syromolotov, inform\u00f3 que alrededor de 2200 armados de origen ruso luchan en las filas de los grupos terroristas en Irak y Siria, y advirti\u00f3 que estas cifras son muy alarmantes. El viceministro ruso agreg\u00f3 que \u201centre ellos, unos 500 proced\u00edan de &hellip;<\/p>\n","protected":false},"author":1,"featured_media":26280,"comment_status":"closed","ping_status":"closed","sticky":false,"template":"","format":"standard","meta":{"footnotes":""},"categories":[456,576],"tags":[5906],"class_list":["post-26279","post","type-post","status-publish","format-standard","has-post-thumbnail","","category-arabe-internacional-politica","category-noticias-politicas","tag-2200-armados-de-origen-ruso-combaten-junto-a-los-terroristas-en-irak-y-siria"],"_links":{"self":[{"href":"https:\/\/archive.sana.sy\/es\/index.php?rest_route=\/wp\/v2\/posts\/26279"}],"collection":[{"href":"https:\/\/archive.sana.sy\/es\/index.php?rest_route=\/wp\/v2\/posts"}],"about":[{"href":"https:\/\/archive.sana.sy\/es\/index.php?rest_route=\/wp\/v2\/types\/post"}],"author":[{"embeddable":true,"href":"https:\/\/archive.sana.sy\/es\/index.php?rest_route=\/wp\/v2\/users\/1"}],"replies":[{"embeddable":true,"href":"https:\/\/archive.sana.sy\/es\/index.php?rest_route=%2Fwp%2Fv2%2Fcomments&post=26279"}],"version-history":[{"count":0,"href":"https:\/\/archive.sana.sy\/es\/index.php?rest_route=\/wp\/v2\/posts\/26279\/revisions"}],"wp:featuredmedia":[{"embeddable":true,"href":"https:\/\/archive.sana.sy\/es\/index.php?rest_route=\/wp\/v2\/media\/26280"}],"wp:attachment":[{"href":"https:\/\/archive.sana.sy\/es\/index.php?rest_route=%2Fwp%2Fv2%2Fmedia&parent=26279"}],"wp:term":[{"taxonomy":"category","embeddable":true,"href":"https:\/\/archive.sana.sy\/es\/index.php?rest_route=%2Fwp%2Fv2%2Fcategories&post=26279"},{"taxonomy":"post_tag","embeddable":true,"href":"https:\/\/archive.sana.sy\/es\/index.php?rest_route=%2Fwp%2Fv2%2Ftags&post=26279"}],"curies":[{"name":"wp","href":"https:\/\/api.w.org\/{rel}","templated":true}]}}