{"id":262794,"date":"2022-11-19T12:55:15","date_gmt":"2022-11-19T10:55:15","guid":{"rendered":"http:\/\/107.6.182.27\/es\/?p=262794"},"modified":"2022-11-19T14:39:33","modified_gmt":"2022-11-19T12:39:33","slug":"convoy-de-equipamiento-electrico-a-provincia-surena-de-deraa-para-mejorar-la-red-electrica","status":"publish","type":"post","link":"https:\/\/archive.sana.sy\/es\/?p=262794","title":{"rendered":"Convoy de equipamiento el\u00e9ctrico a provincia sure\u00f1a de Deraa para mejorar la red el\u00e9ctrica"},"content":{"rendered":"<p style=\"text-align: justify;\"><span style=\"color: #800000;\"><strong>Deraa, 19 nov (SANA)<\/strong><\/span> El Ministerio de Electricidad envi\u00f3 un convoy de equipamientos necesario para el mantenimiento de la red el\u00e9ctrica en la provincia de sure\u00f1a de Derra con el objetivo de mejorar la realidad el\u00e9ctrica en la provincia y aumentar su fiabilidad.<\/p>\n<p style=\"text-align: justify;\">El convoy incluy\u00f3 cables, torres de tensi\u00f3n, transformadoras de varias capacidades y otros equipamientos.<\/p>\n<p style=\"text-align: justify;\">Nota en desarrollo\u2026<\/p>\n<div id='gallery-1' class='gallery galleryid-262794 gallery-columns-1 gallery-size-full'><figure class='gallery-item'>\n\t\t\t<div class='gallery-icon landscape'>\n\t\t\t\t<a href='https:\/\/archive.sana.sy\/es\/?attachment_id=262816'><img loading=\"lazy\" decoding=\"async\" width=\"2560\" height=\"1580\" src=\"https:\/\/archive.sana.sy\/es\/wp-content\/uploads\/2022\/11\/\u0662\u0660\u0662\u0662\u0661\u0661\u0661\u0669\u0661\u0661\u0663\u0665\u0661\u0663_IMG_0386-scaled.jpg\" class=\"attachment-full size-full\" alt=\"\" srcset=\"https:\/\/archive.sana.sy\/es\/wp-content\/uploads\/2022\/11\/\u0662\u0660\u0662\u0662\u0661\u0661\u0661\u0669\u0661\u0661\u0663\u0665\u0661\u0663_IMG_0386-scaled.jpg 2560w, https:\/\/archive.sana.sy\/es\/wp-content\/uploads\/2022\/11\/\u0662\u0660\u0662\u0662\u0661\u0661\u0661\u0669\u0661\u0661\u0663\u0665\u0661\u0663_IMG_0386-300x185.jpg 300w, https:\/\/archive.sana.sy\/es\/wp-content\/uploads\/2022\/11\/\u0662\u0660\u0662\u0662\u0661\u0661\u0661\u0669\u0661\u0661\u0663\u0665\u0661\u0663_IMG_0386-1024x632.jpg 1024w, https:\/\/archive.sana.sy\/es\/wp-content\/uploads\/2022\/11\/\u0662\u0660\u0662\u0662\u0661\u0661\u0661\u0669\u0661\u0661\u0663\u0665\u0661\u0663_IMG_0386-150x93.jpg 150w, https:\/\/archive.sana.sy\/es\/wp-content\/uploads\/2022\/11\/\u0662\u0660\u0662\u0662\u0661\u0661\u0661\u0669\u0661\u0661\u0663\u0665\u0661\u0663_IMG_0386-768x474.jpg 768w, https:\/\/archive.sana.sy\/es\/wp-content\/uploads\/2022\/11\/\u0662\u0660\u0662\u0662\u0661\u0661\u0661\u0669\u0661\u0661\u0663\u0665\u0661\u0663_IMG_0386-1536x948.jpg 1536w, https:\/\/archive.sana.sy\/es\/wp-content\/uploads\/2022\/11\/\u0662\u0660\u0662\u0662\u0661\u0661\u0661\u0669\u0661\u0661\u0663\u0665\u0661\u0663_IMG_0386-2048x1264.jpg 2048w\" sizes=\"(max-width: 2560px) 100vw, 2560px\" \/><\/a>\n\t\t\t<\/div><\/figure><figure class='gallery-item'>\n\t\t\t<div class='gallery-icon landscape'>\n\t\t\t\t<a href='https:\/\/archive.sana.sy\/es\/?attachment_id=262817'><img loading=\"lazy\" decoding=\"async\" width=\"2560\" height=\"1551\" src=\"https:\/\/archive.sana.sy\/es\/wp-content\/uploads\/2022\/11\/photo_2022-11-19_11-06-58-scaled.jpg\" class=\"attachment-full size-full\" alt=\"\" srcset=\"https:\/\/archive.sana.sy\/es\/wp-content\/uploads\/2022\/11\/photo_2022-11-19_11-06-58-scaled.jpg 2560w, https:\/\/archive.sana.sy\/es\/wp-content\/uploads\/2022\/11\/photo_2022-11-19_11-06-58-300x182.jpg 300w, https:\/\/archive.sana.sy\/es\/wp-content\/uploads\/2022\/11\/photo_2022-11-19_11-06-58-1024x621.jpg 1024w, https:\/\/archive.sana.sy\/es\/wp-content\/uploads\/2022\/11\/photo_2022-11-19_11-06-58-150x91.jpg 150w, https:\/\/archive.sana.sy\/es\/wp-content\/uploads\/2022\/11\/photo_2022-11-19_11-06-58-768x465.jpg 768w, https:\/\/archive.sana.sy\/es\/wp-content\/uploads\/2022\/11\/photo_2022-11-19_11-06-58-1536x931.jpg 1536w, https:\/\/archive.sana.sy\/es\/wp-content\/uploads\/2022\/11\/photo_2022-11-19_11-06-58-2048x1241.jpg 2048w\" sizes=\"(max-width: 2560px) 100vw, 2560px\" \/><\/a>\n\t\t\t<\/div><\/figure>\n\t\t<\/div>\n\n","protected":false},"excerpt":{"rendered":"<p>Deraa, 19 nov (SANA) El Ministerio de Electricidad envi\u00f3 un convoy de equipamientos necesario para el mantenimiento de la red el\u00e9ctrica en la provincia de sure\u00f1a de Derra con el objetivo de mejorar la realidad el\u00e9ctrica en la provincia y aumentar su fiabilidad. El convoy incluy\u00f3 cables, torres de tensi\u00f3n, transformadoras de varias capacidades y &hellip;<\/p>\n","protected":false},"author":39,"featured_media":262795,"comment_status":"closed","ping_status":"closed","sticky":false,"template":"","format":"standard","meta":{"footnotes":""},"categories":[477,597,20724,476],"tags":[],"class_list":["post-262794","post","type-post","status-publish","format-standard","has-post-thumbnail","","category-noticias-edulcorantes","category-cinta-de-noticias","category-minuto-a-minuto","category-locales"],"_links":{"self":[{"href":"https:\/\/archive.sana.sy\/es\/index.php?rest_route=\/wp\/v2\/posts\/262794"}],"collection":[{"href":"https:\/\/archive.sana.sy\/es\/index.php?rest_route=\/wp\/v2\/posts"}],"about":[{"href":"https:\/\/archive.sana.sy\/es\/index.php?rest_route=\/wp\/v2\/types\/post"}],"author":[{"embeddable":true,"href":"https:\/\/archive.sana.sy\/es\/index.php?rest_route=\/wp\/v2\/users\/39"}],"replies":[{"embeddable":true,"href":"https:\/\/archive.sana.sy\/es\/index.php?rest_route=%2Fwp%2Fv2%2Fcomments&post=262794"}],"version-history":[{"count":0,"href":"https:\/\/archive.sana.sy\/es\/index.php?rest_route=\/wp\/v2\/posts\/262794\/revisions"}],"wp:featuredmedia":[{"embeddable":true,"href":"https:\/\/archive.sana.sy\/es\/index.php?rest_route=\/wp\/v2\/media\/262795"}],"wp:attachment":[{"href":"https:\/\/archive.sana.sy\/es\/index.php?rest_route=%2Fwp%2Fv2%2Fmedia&parent=262794"}],"wp:term":[{"taxonomy":"category","embeddable":true,"href":"https:\/\/archive.sana.sy\/es\/index.php?rest_route=%2Fwp%2Fv2%2Fcategories&post=262794"},{"taxonomy":"post_tag","embeddable":true,"href":"https:\/\/archive.sana.sy\/es\/index.php?rest_route=%2Fwp%2Fv2%2Ftags&post=262794"}],"curies":[{"name":"wp","href":"https:\/\/api.w.org\/{rel}","templated":true}]}}