{"id":262797,"date":"2022-11-19T12:57:05","date_gmt":"2022-11-19T10:57:05","guid":{"rendered":"http:\/\/107.6.182.27\/es\/?p=262797"},"modified":"2022-11-19T13:00:57","modified_gmt":"2022-11-19T11:00:57","slug":"sale-de-servicio-red-electrica-en-el-campo-de-latakia-debido-a-agresion-israeli","status":"publish","type":"post","link":"https:\/\/archive.sana.sy\/es\/?p=262797","title":{"rendered":"Sale de servicio red el\u00e9ctrica en el campo de Jableh, Latakia, debido a la reciente agresi\u00f3n israel\u00ed"},"content":{"rendered":"<p style=\"text-align: justify;\"><span style=\"color: #800000;\"><strong>Latakia, 19 nov (SANA)\u00a0<\/strong> <\/span>\u00a0La agresi\u00f3n a\u00e9rea israel\u00ed, que tuvo lugar esta ma\u00f1ana contra algunos puntos de las regiones central y costera de Siria, provoc\u00f3 da\u00f1os en la red el\u00e9ctrica en el campo de la provincia de Latakia.<\/p>\n<p style=\"text-align: justify;\">El Ministerio de Electricidad inform\u00f3 que la l\u00ednea de media tensi\u00f3n, Al-Zahraa, en el campo de la ciudad de Jableh, Latakia, qued\u00f3 fuera de servicio, como resultado de la referida agresi\u00f3n.<\/p>\n<p style=\"text-align: justify;\">Detall\u00f3 que la l\u00ednea da\u00f1ada alimenta varias localidades de la provincia costera, e indic\u00f3 que el personal de Electricidad en la provincia est\u00e1 reparando la l\u00ednea para volver a ponerla en servicio.<\/p>\n<p style=\"text-align: justify;\">Es de destacar que esta brutal agresi\u00f3n israel\u00ed provoc\u00f3 la muerte de cuatro soldados, lesiones a otro, adem\u00e1s de ocasionar da\u00f1os materiales.<\/p>\n<p style=\"text-align: justify;\">sm<\/p>\n","protected":false},"excerpt":{"rendered":"<p>Latakia, 19 nov (SANA)\u00a0 \u00a0La agresi\u00f3n a\u00e9rea israel\u00ed, que tuvo lugar esta ma\u00f1ana contra algunos puntos de las regiones central y costera de Siria, provoc\u00f3 da\u00f1os en la red el\u00e9ctrica en el campo de la provincia de Latakia. El Ministerio de Electricidad inform\u00f3 que la l\u00ednea de media tensi\u00f3n, Al-Zahraa, en el campo de la &hellip;<\/p>\n","protected":false},"author":39,"featured_media":262798,"comment_status":"closed","ping_status":"closed","sticky":false,"template":"","format":"standard","meta":{"footnotes":""},"categories":[477,597,573,20724,476,7541],"tags":[20697,2547,21515],"class_list":["post-262797","post","type-post","status-publish","format-standard","has-post-thumbnail","","category-noticias-edulcorantes","category-cinta-de-noticias","category-la-realidad-de-los-acontecimientos-en-siria","category-minuto-a-minuto","category-locales","category-ultimas-noticias","tag-agresion-israeli","tag-latakia","tag-red-electrica"],"_links":{"self":[{"href":"https:\/\/archive.sana.sy\/es\/index.php?rest_route=\/wp\/v2\/posts\/262797"}],"collection":[{"href":"https:\/\/archive.sana.sy\/es\/index.php?rest_route=\/wp\/v2\/posts"}],"about":[{"href":"https:\/\/archive.sana.sy\/es\/index.php?rest_route=\/wp\/v2\/types\/post"}],"author":[{"embeddable":true,"href":"https:\/\/archive.sana.sy\/es\/index.php?rest_route=\/wp\/v2\/users\/39"}],"replies":[{"embeddable":true,"href":"https:\/\/archive.sana.sy\/es\/index.php?rest_route=%2Fwp%2Fv2%2Fcomments&post=262797"}],"version-history":[{"count":0,"href":"https:\/\/archive.sana.sy\/es\/index.php?rest_route=\/wp\/v2\/posts\/262797\/revisions"}],"wp:featuredmedia":[{"embeddable":true,"href":"https:\/\/archive.sana.sy\/es\/index.php?rest_route=\/wp\/v2\/media\/262798"}],"wp:attachment":[{"href":"https:\/\/archive.sana.sy\/es\/index.php?rest_route=%2Fwp%2Fv2%2Fmedia&parent=262797"}],"wp:term":[{"taxonomy":"category","embeddable":true,"href":"https:\/\/archive.sana.sy\/es\/index.php?rest_route=%2Fwp%2Fv2%2Fcategories&post=262797"},{"taxonomy":"post_tag","embeddable":true,"href":"https:\/\/archive.sana.sy\/es\/index.php?rest_route=%2Fwp%2Fv2%2Ftags&post=262797"}],"curies":[{"name":"wp","href":"https:\/\/api.w.org\/{rel}","templated":true}]}}