{"id":262822,"date":"2022-11-19T14:57:52","date_gmt":"2022-11-19T12:57:52","guid":{"rendered":"http:\/\/107.6.182.27\/es\/?p=262822"},"modified":"2022-11-25T18:05:48","modified_gmt":"2022-11-25T16:05:48","slug":"conversaciones-sirio-iraquies-para-impulsar-cooperacion-en-campo-de-la-seguridad","status":"publish","type":"post","link":"https:\/\/archive.sana.sy\/es\/?p=262822","title":{"rendered":"Conversaciones sirio-iraqu\u00edes para impulsar cooperaci\u00f3n en campo de la seguridad"},"content":{"rendered":"<p style=\"text-align: justify;\"><span style=\"color: #800000;\"><strong>Bagdad, 19 nov (SANA)<\/strong><\/span> Las relaciones bilaterales y las formas de desarrollar la cooperaci\u00f3n en el campo de la seguridad centraron las conversaciones entre el ministro del Interior iraqu\u00ed, Abd al-Amir al-Shamari, y el embajador sirio en Bagdad, Sattam Jadaan al-Dandah.<\/p>\n<p style=\"text-align: justify;\">Las dos partes discutieron tambi\u00e9n las perspectivas para mejorar la coordinaci\u00f3n conjunta y desarrollar las relaciones bilaterales, y consolidar la cooperaci\u00f3n en las \u00e1reas de seguridad entre el Ministerio del Interior sirio y el Ministerio del Interior iraqu\u00ed.<\/p>\n<p style=\"text-align: justify;\">El embajador Al-Dandah elogi\u00f3 los esfuerzos del Ministerio del Interior iraqu\u00ed en t\u00e9rminos de mejorar la seguridad y la estabilidad en varias regiones del pa\u00eds, y su esfuerzo constante por consolidar las relaciones con los pa\u00edses vecinos y amigos.<\/p>\n<p style=\"text-align: justify;\">En una declaraci\u00f3n exclusiva a SANA, el embajador sirio dijo que durante la reuni\u00f3n se discutieron las v\u00edas para fortalecer las relaciones fraternales entre los dos pa\u00edses y la voluntad de fortalecerlas en todos los campos, particularmente en lo econ\u00f3mico y de seguridad.<\/p>\n<p style=\"text-align: justify;\">&#8220;Hemos abordado tambi\u00e9n la situaci\u00f3n de los sirios cuyas residencia es ilegal en Iraq, los mecanismos para ampliar la cooperaci\u00f3n en el campo de la seguridad, asegurar las fronteras, prevenir el movimiento de terroristas entre Siria e Irak, y el intercambio de informaci\u00f3n, as\u00ed como las formas de aumentar la cooperaci\u00f3n comercial y facilitar la circulaci\u00f3n de los camiones sirios que transportan mercanc\u00edas a todas las gobernaciones iraqu\u00edes, manifest\u00f3 el jefe de la misi\u00f3n diplom\u00e1tica siria en Bagdad&#8221;, detall\u00f3.<\/p>\n<p style=\"text-align: justify;\">fm\/sm<\/p>\n","protected":false},"excerpt":{"rendered":"<p>Bagdad, 19 nov (SANA) Las relaciones bilaterales y las formas de desarrollar la cooperaci\u00f3n en el campo de la seguridad centraron las conversaciones entre el ministro del Interior iraqu\u00ed, Abd al-Amir al-Shamari, y el embajador sirio en Bagdad, Sattam Jadaan al-Dandah. Las dos partes discutieron tambi\u00e9n las perspectivas para mejorar la coordinaci\u00f3n conjunta y desarrollar &hellip;<\/p>\n","protected":false},"author":39,"featured_media":262823,"comment_status":"closed","ping_status":"closed","sticky":false,"template":"","format":"standard","meta":{"footnotes":""},"categories":[597,20724,467,7541],"tags":[20089,8887,21518],"class_list":["post-262822","post","type-post","status-publish","format-standard","has-post-thumbnail","","category-cinta-de-noticias","category-minuto-a-minuto","category-siria-y-el-mundo","category-ultimas-noticias","tag-conversaciones","tag-seguridad","tag-sirio-iraquies"],"_links":{"self":[{"href":"https:\/\/archive.sana.sy\/es\/index.php?rest_route=\/wp\/v2\/posts\/262822"}],"collection":[{"href":"https:\/\/archive.sana.sy\/es\/index.php?rest_route=\/wp\/v2\/posts"}],"about":[{"href":"https:\/\/archive.sana.sy\/es\/index.php?rest_route=\/wp\/v2\/types\/post"}],"author":[{"embeddable":true,"href":"https:\/\/archive.sana.sy\/es\/index.php?rest_route=\/wp\/v2\/users\/39"}],"replies":[{"embeddable":true,"href":"https:\/\/archive.sana.sy\/es\/index.php?rest_route=%2Fwp%2Fv2%2Fcomments&post=262822"}],"version-history":[{"count":0,"href":"https:\/\/archive.sana.sy\/es\/index.php?rest_route=\/wp\/v2\/posts\/262822\/revisions"}],"wp:featuredmedia":[{"embeddable":true,"href":"https:\/\/archive.sana.sy\/es\/index.php?rest_route=\/wp\/v2\/media\/262823"}],"wp:attachment":[{"href":"https:\/\/archive.sana.sy\/es\/index.php?rest_route=%2Fwp%2Fv2%2Fmedia&parent=262822"}],"wp:term":[{"taxonomy":"category","embeddable":true,"href":"https:\/\/archive.sana.sy\/es\/index.php?rest_route=%2Fwp%2Fv2%2Fcategories&post=262822"},{"taxonomy":"post_tag","embeddable":true,"href":"https:\/\/archive.sana.sy\/es\/index.php?rest_route=%2Fwp%2Fv2%2Ftags&post=262822"}],"curies":[{"name":"wp","href":"https:\/\/api.w.org\/{rel}","templated":true}]}}