{"id":262828,"date":"2022-11-19T16:16:22","date_gmt":"2022-11-19T14:16:22","guid":{"rendered":"http:\/\/107.6.182.27\/es\/?p=262828"},"modified":"2022-11-19T18:26:25","modified_gmt":"2022-11-19T16:26:25","slug":"siria-confirma-eliminacion-de-importantes-lideres-terroristas-de-daesh-en-el-sur-del-pais","status":"publish","type":"post","link":"https:\/\/archive.sana.sy\/es\/?p=262828","title":{"rendered":"Siria confirma eliminaci\u00f3n de importantes l\u00edderes terroristas de Daesh en el sur del pa\u00eds"},"content":{"rendered":"<blockquote>\n<p style=\"text-align: justify;\"><span style=\"color: #800000;\"><strong>Fueron identificados los cuerpos del Emir del Daesh en Deraa al-Balad, Abu Hamza al-Shami, y el Emir militar de esta organizaci\u00f3n radical Abu Salem al-Dairi.<\/strong><\/span><\/p>\n<\/blockquote>\n<p style=\"text-align: justify;\"><strong>Deraa, 19 nov (SANA)\u00a0<\/strong> Una fuente de las fuerzas de seguridad anunci\u00f3 a trav\u00e9s de nuestra agencia SANA, que fueron hallados de los cuerpos de los l\u00edderes m\u00e1s prominentes de la organizaci\u00f3n terrorista del Estado Isl\u00e1mico (Daesh, en \u00e1rabe) durante la operaci\u00f3n de registro y peinado del vecindario Tariq al-Sad de la ciudad de Deraa, en el sur de Siria, liberado recientemente de las agrupaciones radicales.<\/p>\n<p style=\"text-align: justify;\">Entre los cuerpos hallados figura el terrorista Mohammed Qassem Subaihi, autor de muchos cr\u00edmenes y masacres en Deraa, entre las cuales figura el ataque a la comisar\u00eda de polic\u00eda del municipio de Muzairib, en la que fueron asesinados 9 polic\u00edas, precis\u00f3 la fuente.<\/p>\n<p style=\"text-align: justify;\">Tambi\u00e9n, fueron identificados los cuerpos del Emir del Daesh en Deraa al-Balad, Abu Hamza al-Shami, y el Emir militar de esta organizaci\u00f3n radical Abu Salem al-Dairi.<\/p>\n<p style=\"text-align: justify;\">Una fuente de seguridad anunci\u00f3 el pasado d\u00eda 15 del mes en curso, la toma de control del barrio Tarik al-Sad en el sur de la ciudad de Deraa, cabecera de la provincia del mismo nombre en el sur del pa\u00eds, tras la eliminaci\u00f3n de los remanentes de la organizaci\u00f3n terrorista \u201cDaesh\u201d que se atrincheraban en el mismo.<\/p>\n<p style=\"text-align: justify;\">Durante la operaci\u00f3n, decenas de terroristas fueron abatidos, incluidos cabecillas, asimismo fueron incautados cuatro coches bomba que los terroristas planeaban detonar a trav\u00e9s de suicidas en la ciudad de Deraa, se\u00f1al\u00f3 la fuente.<\/p>\n<p style=\"text-align: justify;\">El operativo constituy\u00f3 un duro golpe para la organizaci\u00f3n terrorista en Deraa, ya que en este vecindario desde hace muchos a\u00f1os era la principal sede de operativos y el cuartel general de Daesh.<\/p>\n<p>fm\/sm<\/p>\n","protected":false},"excerpt":{"rendered":"<p>Fueron identificados los cuerpos del Emir del Daesh en Deraa al-Balad, Abu Hamza al-Shami, y el Emir militar de esta organizaci\u00f3n radical Abu Salem al-Dairi. Deraa, 19 nov (SANA)\u00a0 Una fuente de las fuerzas de seguridad anunci\u00f3 a trav\u00e9s de nuestra agencia SANA, que fueron hallados de los cuerpos de los l\u00edderes m\u00e1s prominentes de &hellip;<\/p>\n","protected":false},"author":39,"featured_media":262847,"comment_status":"closed","ping_status":"closed","sticky":false,"template":"","format":"standard","meta":{"footnotes":""},"categories":[477,597,573,476,583],"tags":[8616,6553],"class_list":["post-262828","post","type-post","status-publish","format-standard","has-post-thumbnail","","category-noticias-edulcorantes","category-cinta-de-noticias","category-la-realidad-de-los-acontecimientos-en-siria","category-locales","category-slide","tag-daesh","tag-siria"],"_links":{"self":[{"href":"https:\/\/archive.sana.sy\/es\/index.php?rest_route=\/wp\/v2\/posts\/262828"}],"collection":[{"href":"https:\/\/archive.sana.sy\/es\/index.php?rest_route=\/wp\/v2\/posts"}],"about":[{"href":"https:\/\/archive.sana.sy\/es\/index.php?rest_route=\/wp\/v2\/types\/post"}],"author":[{"embeddable":true,"href":"https:\/\/archive.sana.sy\/es\/index.php?rest_route=\/wp\/v2\/users\/39"}],"replies":[{"embeddable":true,"href":"https:\/\/archive.sana.sy\/es\/index.php?rest_route=%2Fwp%2Fv2%2Fcomments&post=262828"}],"version-history":[{"count":0,"href":"https:\/\/archive.sana.sy\/es\/index.php?rest_route=\/wp\/v2\/posts\/262828\/revisions"}],"wp:featuredmedia":[{"embeddable":true,"href":"https:\/\/archive.sana.sy\/es\/index.php?rest_route=\/wp\/v2\/media\/262847"}],"wp:attachment":[{"href":"https:\/\/archive.sana.sy\/es\/index.php?rest_route=%2Fwp%2Fv2%2Fmedia&parent=262828"}],"wp:term":[{"taxonomy":"category","embeddable":true,"href":"https:\/\/archive.sana.sy\/es\/index.php?rest_route=%2Fwp%2Fv2%2Fcategories&post=262828"},{"taxonomy":"post_tag","embeddable":true,"href":"https:\/\/archive.sana.sy\/es\/index.php?rest_route=%2Fwp%2Fv2%2Ftags&post=262828"}],"curies":[{"name":"wp","href":"https:\/\/api.w.org\/{rel}","templated":true}]}}