{"id":262942,"date":"2022-11-20T13:58:01","date_gmt":"2022-11-20T11:58:01","guid":{"rendered":"http:\/\/107.6.182.27\/es\/?p=262942"},"modified":"2023-01-10T15:50:03","modified_gmt":"2023-01-10T13:50:03","slug":"45-ninos-palestinos-asesinados-por-israel-y-770-detenidos-durante-2022","status":"publish","type":"post","link":"https:\/\/archive.sana.sy\/es\/?p=262942","title":{"rendered":"45 ni\u00f1os palestinos asesinados por Israel y 770 detenidos durante 2022"},"content":{"rendered":"<blockquote>\n<p style=\"text-align: justify;\"><span style=\"color: #ff0000;\"><strong>\u201c770 ni\u00f1os han sido arrestados desde principios de este a\u00f1o y otros 50.000 fueron encarcelados desde 1967, mientras 160 ni\u00f1os se encuentran encerrados dentro de las presiones israel\u00edes bajo duras condiciones de tortura f\u00edsica y psicol\u00f3gica\u201d<\/strong><\/span><\/p>\n<\/blockquote>\n<p style=\"text-align: justify;\"><span style=\"color: #800000;\"><strong>Jerusal\u00e9n ocupada, 20 nov (SANA)<\/strong><\/span>\u00a0 Las fuerzas de ocupaci\u00f3n israel\u00ed contin\u00faan sus violaciones a las convenciones y leyes internacionales al cometer cr\u00edmenes de lesa humanidad contra los ni\u00f1os palestinos en medio del silencio vergonzoso de la comunidad internacional que no toma medidas para atajar la impunidad de estas acciones criminales.<\/p>\n<p>En el 68 aniversario del D\u00eda Internacional del Ni\u00f1o que se celebra cada 20 de noviembre, nuestra agencia SANA entrevist\u00f3 al portavoz del gobierno palestino, Ibrahim Melhem, quien denunci\u00f3 que el ej\u00e9rcito israel\u00ed persiste en su pol\u00edtica de asesinar a los menores y revel\u00f3 que decenas murieron este a\u00f1o a consecuencia de los bombardeos contra la Franja de Gaza y las operaciones militares en Cisjordania ocupada.<\/p>\n<p>Las tropas sionistas provocaron la muerte de 45 peque\u00f1os desde principios de este a\u00f1o, 29 de los cuales perdieron su vida en disparos israel\u00edes en Cisjordania y otros 16 fallecieron durante su agresi\u00f3n contra Gaza en agosto pasado, que tambi\u00e9n caus\u00f3 la lesi\u00f3n de 150 ni\u00f1os, agreg\u00f3 Melhem.<\/p>\n<p>Indic\u00f3 que el injusto bloqueo israel\u00ed contra la Franja agrava el sufrimiento de estos infantes quienes se han vuelto vulnerables a enfermedades como la desnutrici\u00f3n y la anemia, adem\u00e1s del bajo nivel educativo debido a las altas tasas de pobreza y desempleo.<\/p>\n<p>Por su parte, el portavoz del Club de Prisioneros Palestinos, Amjad Al-Najjar, dijo que 770 ni\u00f1os han sido arrestados desde principios de este a\u00f1o y otros 50.000 fueron encarcelados desde 1967, mientras 160 ni\u00f1os se encuentran encerrados dentro de las presiones israel\u00edes bajo duras condiciones de tortura f\u00edsica y psicol\u00f3gica.<\/p>\n<p><em><span style=\"color: #000000;\"><strong>ws\/fm<\/strong><\/span><\/em><\/p>\n","protected":false},"excerpt":{"rendered":"<p>\u201c770 ni\u00f1os han sido arrestados desde principios de este a\u00f1o y otros 50.000 fueron encarcelados desde 1967, mientras 160 ni\u00f1os se encuentran encerrados dentro de las presiones israel\u00edes bajo duras condiciones de tortura f\u00edsica y psicol\u00f3gica\u201d Jerusal\u00e9n ocupada, 20 nov (SANA)\u00a0 Las fuerzas de ocupaci\u00f3n israel\u00ed contin\u00faan sus violaciones a las convenciones y leyes internacionales &hellip;<\/p>\n","protected":false},"author":32,"featured_media":262943,"comment_status":"closed","ping_status":"closed","sticky":false,"template":"","format":"standard","meta":{"footnotes":""},"categories":[597,456,20724,457,583],"tags":[],"class_list":["post-262942","post","type-post","status-publish","format-standard","has-post-thumbnail","","category-cinta-de-noticias","category-arabe-internacional-politica","category-minuto-a-minuto","category-noticias-arabe-internacional-politica","category-slide"],"_links":{"self":[{"href":"https:\/\/archive.sana.sy\/es\/index.php?rest_route=\/wp\/v2\/posts\/262942"}],"collection":[{"href":"https:\/\/archive.sana.sy\/es\/index.php?rest_route=\/wp\/v2\/posts"}],"about":[{"href":"https:\/\/archive.sana.sy\/es\/index.php?rest_route=\/wp\/v2\/types\/post"}],"author":[{"embeddable":true,"href":"https:\/\/archive.sana.sy\/es\/index.php?rest_route=\/wp\/v2\/users\/32"}],"replies":[{"embeddable":true,"href":"https:\/\/archive.sana.sy\/es\/index.php?rest_route=%2Fwp%2Fv2%2Fcomments&post=262942"}],"version-history":[{"count":0,"href":"https:\/\/archive.sana.sy\/es\/index.php?rest_route=\/wp\/v2\/posts\/262942\/revisions"}],"wp:featuredmedia":[{"embeddable":true,"href":"https:\/\/archive.sana.sy\/es\/index.php?rest_route=\/wp\/v2\/media\/262943"}],"wp:attachment":[{"href":"https:\/\/archive.sana.sy\/es\/index.php?rest_route=%2Fwp%2Fv2%2Fmedia&parent=262942"}],"wp:term":[{"taxonomy":"category","embeddable":true,"href":"https:\/\/archive.sana.sy\/es\/index.php?rest_route=%2Fwp%2Fv2%2Fcategories&post=262942"},{"taxonomy":"post_tag","embeddable":true,"href":"https:\/\/archive.sana.sy\/es\/index.php?rest_route=%2Fwp%2Fv2%2Ftags&post=262942"}],"curies":[{"name":"wp","href":"https:\/\/api.w.org\/{rel}","templated":true}]}}