{"id":262949,"date":"2022-11-20T16:56:22","date_gmt":"2022-11-20T14:56:22","guid":{"rendered":"http:\/\/107.6.182.27\/es\/?p=262949"},"modified":"2022-11-20T16:56:22","modified_gmt":"2022-11-20T14:56:22","slug":"ataque-terrorista-contra-localidad-en-el-noroeste-de-hama-provoca-heridos","status":"publish","type":"post","link":"https:\/\/archive.sana.sy\/es\/?p=262949","title":{"rendered":"Ataque terrorista contra localidad en el noroeste de Hama provoca heridos"},"content":{"rendered":"<p style=\"text-align: justify;\"><span style=\"color: #800000;\"><strong>Hama, 20 nov (SANA)\u00a0<\/strong><\/span> \u00a0Una mujer y su ni\u00f1o resultaron heridos a consecuencia de un ataque llevado a cabo por bandas terroristas afiliadas a la organizaci\u00f3n extremista Frente Al-Nousra contra la localidad de Jourin, al noroeste de la provincia de Hama.<\/p>\n<p style=\"text-align: justify;\">La polic\u00eda de Hama inform\u00f3 al corresponsal de SANA que el ataque se perpetr\u00f3 con varios cohetes, causando lesiones a una mujer y su ni\u00f1o, adem\u00e1s de da\u00f1os materiales en varias viviendas y propiedades de los residentes.<\/p>\n<p style=\"text-align: justify;\">\u201cLos lesionados fueron trasladados al hospital de la localidad de Suqailbieh para recibir el tratamiento necesario\u201d, detall\u00f3.<\/p>\n<p style=\"text-align: justify;\">El d\u00eda seis del mes en curso, una ni\u00f1a result\u00f3 herida por ataque terrorista con cohetes de Al-Nousra contra el pueblo de Shatha en el noroeste de Hama.<\/p>\n<p style=\"text-align: justify;\">rr\/fm<\/p>\n","protected":false},"excerpt":{"rendered":"<p>Hama, 20 nov (SANA)\u00a0 \u00a0Una mujer y su ni\u00f1o resultaron heridos a consecuencia de un ataque llevado a cabo por bandas terroristas afiliadas a la organizaci\u00f3n extremista Frente Al-Nousra contra la localidad de Jourin, al noroeste de la provincia de Hama. La polic\u00eda de Hama inform\u00f3 al corresponsal de SANA que el ataque se perpetr\u00f3 &hellip;<\/p>\n","protected":false},"author":31,"featured_media":256304,"comment_status":"closed","ping_status":"closed","sticky":false,"template":"","format":"standard","meta":{"footnotes":""},"categories":[597,573,7541],"tags":[8602,2826,21523,6553,8905],"class_list":["post-262949","post","type-post","status-publish","format-standard","has-post-thumbnail","","category-cinta-de-noticias","category-la-realidad-de-los-acontecimientos-en-siria","category-ultimas-noticias","tag-ataque","tag-hama","tag-herido","tag-siria","tag-terroristas"],"_links":{"self":[{"href":"https:\/\/archive.sana.sy\/es\/index.php?rest_route=\/wp\/v2\/posts\/262949"}],"collection":[{"href":"https:\/\/archive.sana.sy\/es\/index.php?rest_route=\/wp\/v2\/posts"}],"about":[{"href":"https:\/\/archive.sana.sy\/es\/index.php?rest_route=\/wp\/v2\/types\/post"}],"author":[{"embeddable":true,"href":"https:\/\/archive.sana.sy\/es\/index.php?rest_route=\/wp\/v2\/users\/31"}],"replies":[{"embeddable":true,"href":"https:\/\/archive.sana.sy\/es\/index.php?rest_route=%2Fwp%2Fv2%2Fcomments&post=262949"}],"version-history":[{"count":0,"href":"https:\/\/archive.sana.sy\/es\/index.php?rest_route=\/wp\/v2\/posts\/262949\/revisions"}],"wp:featuredmedia":[{"embeddable":true,"href":"https:\/\/archive.sana.sy\/es\/index.php?rest_route=\/wp\/v2\/media\/256304"}],"wp:attachment":[{"href":"https:\/\/archive.sana.sy\/es\/index.php?rest_route=%2Fwp%2Fv2%2Fmedia&parent=262949"}],"wp:term":[{"taxonomy":"category","embeddable":true,"href":"https:\/\/archive.sana.sy\/es\/index.php?rest_route=%2Fwp%2Fv2%2Fcategories&post=262949"},{"taxonomy":"post_tag","embeddable":true,"href":"https:\/\/archive.sana.sy\/es\/index.php?rest_route=%2Fwp%2Fv2%2Ftags&post=262949"}],"curies":[{"name":"wp","href":"https:\/\/api.w.org\/{rel}","templated":true}]}}