{"id":26295,"date":"2015-07-08T15:01:04","date_gmt":"2015-07-08T12:01:04","guid":{"rendered":"http:\/\/sana.sy\/es\/?p=26295"},"modified":"2023-01-10T15:29:08","modified_gmt":"2023-01-10T13:29:08","slug":"empresarios-sirios-establecen-puntos-comerciales-en-varios-paises-para-apoyar-la-economia-nacional","status":"publish","type":"post","link":"https:\/\/archive.sana.sy\/es\/?p=26295","title":{"rendered":"Empresarios sirios establecen puntos comerciales en varios pa\u00edses para apoyar la econom\u00eda nacional"},"content":{"rendered":"<p><span style=\"color: #800000\">Damasco, SANA<\/span><\/p>\n<p>Un conjunto de 11 empresarios sirios se preparan para inaugurar puntos comerciales en diferentes pa\u00edses para apoyar la econom\u00eda nacional frente al injusto embargo impuesto sobre el pa\u00eds.<\/p>\n<p>Samer Rabbata, comerciante y miembro del susodicho grupo declar\u00f3 a SANA que el mismo llevar\u00e1 a cabo grandes proyectos en el exterior para revitalizar la econom\u00eda nacional y respaldar la libra siria.<\/p>\n<p>Asimismo revel\u00f3 que los puntos comerciales se establecer\u00e1n en Egipto, Argelia, Venezuela, Sud\u00e1frica, Dub\u00e1i y Alemania, agregando que en estos puntos se exhibir\u00e1n una variedad de productos sirios, tales como textiles, alimenticios y de artesan\u00eda, entre otros.<\/p>\n<p>Lynn A.<\/p>\n","protected":false},"excerpt":{"rendered":"<p>Damasco, SANA Un conjunto de 11 empresarios sirios se preparan para inaugurar puntos comerciales en diferentes pa\u00edses para apoyar la econom\u00eda nacional frente al injusto embargo impuesto sobre el pa\u00eds. Samer Rabbata, comerciante y miembro del susodicho grupo declar\u00f3 a SANA que el mismo llevar\u00e1 a cabo grandes proyectos en el exterior para revitalizar la &hellip;<\/p>\n","protected":false},"author":24,"featured_media":26296,"comment_status":"closed","ping_status":"closed","sticky":false,"template":"","format":"standard","meta":{"footnotes":""},"categories":[447,485],"tags":[5910],"class_list":["post-26295","post","type-post","status-publish","format-standard","has-post-thumbnail","","category-local-politica","category-informes-negocios-y-finanzas","tag-empresarios-sirios-establecen-puntos-comerciales-en-varios-paises-para-apoyar-la-economia-nacional"],"_links":{"self":[{"href":"https:\/\/archive.sana.sy\/es\/index.php?rest_route=\/wp\/v2\/posts\/26295"}],"collection":[{"href":"https:\/\/archive.sana.sy\/es\/index.php?rest_route=\/wp\/v2\/posts"}],"about":[{"href":"https:\/\/archive.sana.sy\/es\/index.php?rest_route=\/wp\/v2\/types\/post"}],"author":[{"embeddable":true,"href":"https:\/\/archive.sana.sy\/es\/index.php?rest_route=\/wp\/v2\/users\/24"}],"replies":[{"embeddable":true,"href":"https:\/\/archive.sana.sy\/es\/index.php?rest_route=%2Fwp%2Fv2%2Fcomments&post=26295"}],"version-history":[{"count":0,"href":"https:\/\/archive.sana.sy\/es\/index.php?rest_route=\/wp\/v2\/posts\/26295\/revisions"}],"wp:featuredmedia":[{"embeddable":true,"href":"https:\/\/archive.sana.sy\/es\/index.php?rest_route=\/wp\/v2\/media\/26296"}],"wp:attachment":[{"href":"https:\/\/archive.sana.sy\/es\/index.php?rest_route=%2Fwp%2Fv2%2Fmedia&parent=26295"}],"wp:term":[{"taxonomy":"category","embeddable":true,"href":"https:\/\/archive.sana.sy\/es\/index.php?rest_route=%2Fwp%2Fv2%2Fcategories&post=26295"},{"taxonomy":"post_tag","embeddable":true,"href":"https:\/\/archive.sana.sy\/es\/index.php?rest_route=%2Fwp%2Fv2%2Ftags&post=26295"}],"curies":[{"name":"wp","href":"https:\/\/api.w.org\/{rel}","templated":true}]}}