{"id":262999,"date":"2022-11-21T05:24:38","date_gmt":"2022-11-21T03:24:38","guid":{"rendered":"http:\/\/107.6.182.27\/es\/?p=262999"},"modified":"2023-01-10T15:50:02","modified_gmt":"2023-01-10T13:50:02","slug":"armas-occidentales-enviadas-a-ucrania-pueden-acabar-en-manos-de-terroristas","status":"publish","type":"post","link":"https:\/\/archive.sana.sy\/es\/?p=262999","title":{"rendered":"Armas occidentales enviadas a Ucrania pueden acabar en manos de terroristas"},"content":{"rendered":"<p style=\"text-align: justify;\"><span style=\"color: #800000;\"><strong>Londres, 21 nov (SANA)<\/strong><\/span> Seg\u00fan el director de la Agencia Nacional para el Crimen (NCA) del Reino Unido, Graeme Biggar, el armamento que Occidente suministra a Ucrania podr\u00eda terminar en manos de bandas criminales o terroristas.<\/p>\n<p style=\"text-align: justify;\">En entrevista con el peri\u00f3dico local The Sunday Times, citada por Sputnik, asever\u00f3 que oficiales europeos vigilan la venta de granadas, pistolas y metralletas en un posible efecto b\u00fameran negativo del conflicto con potencial letal.<\/p>\n<p style=\"text-align: justify;\">Biggar asever\u00f3 que ha discutido esta potencial amenaza con la jefatura de la polic\u00eda ucraniana, como sucedi\u00f3 tras los conflictos balc\u00e1nicos que derivaron en la desintegraci\u00f3n de Yugoslavia en la d\u00e9cada de 1990.<\/p>\n<p style=\"text-align: justify;\">Los socios occidentales de Ucrania han admitido que no pueden rastrear la mayor\u00eda de sus env\u00edos de armas una vez que entran en el pa\u00eds.<\/p>\n<p style=\"text-align: justify;\">fm<\/p>\n","protected":false},"excerpt":{"rendered":"<p>Londres, 21 nov (SANA) Seg\u00fan el director de la Agencia Nacional para el Crimen (NCA) del Reino Unido, Graeme Biggar, el armamento que Occidente suministra a Ucrania podr\u00eda terminar en manos de bandas criminales o terroristas. En entrevista con el peri\u00f3dico local The Sunday Times, citada por Sputnik, asever\u00f3 que oficiales europeos vigilan la venta &hellip;<\/p>\n","protected":false},"author":34,"featured_media":263000,"comment_status":"closed","ping_status":"closed","sticky":false,"template":"","format":"standard","meta":{"footnotes":""},"categories":[597,456,20724,7541],"tags":[],"class_list":["post-262999","post","type-post","status-publish","format-standard","has-post-thumbnail","","category-cinta-de-noticias","category-arabe-internacional-politica","category-minuto-a-minuto","category-ultimas-noticias"],"_links":{"self":[{"href":"https:\/\/archive.sana.sy\/es\/index.php?rest_route=\/wp\/v2\/posts\/262999"}],"collection":[{"href":"https:\/\/archive.sana.sy\/es\/index.php?rest_route=\/wp\/v2\/posts"}],"about":[{"href":"https:\/\/archive.sana.sy\/es\/index.php?rest_route=\/wp\/v2\/types\/post"}],"author":[{"embeddable":true,"href":"https:\/\/archive.sana.sy\/es\/index.php?rest_route=\/wp\/v2\/users\/34"}],"replies":[{"embeddable":true,"href":"https:\/\/archive.sana.sy\/es\/index.php?rest_route=%2Fwp%2Fv2%2Fcomments&post=262999"}],"version-history":[{"count":0,"href":"https:\/\/archive.sana.sy\/es\/index.php?rest_route=\/wp\/v2\/posts\/262999\/revisions"}],"wp:featuredmedia":[{"embeddable":true,"href":"https:\/\/archive.sana.sy\/es\/index.php?rest_route=\/wp\/v2\/media\/263000"}],"wp:attachment":[{"href":"https:\/\/archive.sana.sy\/es\/index.php?rest_route=%2Fwp%2Fv2%2Fmedia&parent=262999"}],"wp:term":[{"taxonomy":"category","embeddable":true,"href":"https:\/\/archive.sana.sy\/es\/index.php?rest_route=%2Fwp%2Fv2%2Fcategories&post=262999"},{"taxonomy":"post_tag","embeddable":true,"href":"https:\/\/archive.sana.sy\/es\/index.php?rest_route=%2Fwp%2Fv2%2Ftags&post=262999"}],"curies":[{"name":"wp","href":"https:\/\/api.w.org\/{rel}","templated":true}]}}