{"id":263002,"date":"2022-11-21T06:09:04","date_gmt":"2022-11-21T04:09:04","guid":{"rendered":"http:\/\/107.6.182.27\/es\/?p=263002"},"modified":"2023-01-10T15:50:02","modified_gmt":"2023-01-10T13:50:02","slug":"de-rusia-a-qatar-un-tortuoso-viaje-mundialista","status":"publish","type":"post","link":"https:\/\/archive.sana.sy\/es\/?p=263002","title":{"rendered":"De Rusia a Qatar: un tortuoso viaje mundialista"},"content":{"rendered":"<blockquote>\n<p style=\"text-align: justify;\"><span style=\"color: #993300;\"><strong>Cuatro a\u00f1os despu\u00e9s del \u00faltimo gol de Rusia 2018, Cristiano Ronaldo vive una agon\u00eda letal en el Manchester United ingl\u00e9s; Messi es campe\u00f3n de Am\u00e9rica luego de levantar el trofeo en el mism\u00edsimo Maracan\u00e1 y Benzema qued\u00f3 fuera la v\u00edspera de Qatar 2022, a causa de una lesi\u00f3n.<\/strong><\/span><\/p>\n<\/blockquote>\n<p style=\"text-align: justify;\"><strong>Damasco, 20 nov (SANA)<\/strong> Cuando el \u00faltimo gol de Rusia 2018, Cristiano Ronaldo reci\u00e9n sal\u00eda del Real Madrid, Lionel Messi a\u00f1oraba alzar un trofeo en el estadio Maracan\u00e1 y Karim Benzema no era contendiente de peso para el Bal\u00f3n de Oro.<\/p>\n<p style=\"text-align: justify;\">Aquel 15 de julio, Donald Trump ostentaba la silla presidencial de Estados Unidos; el planeta desconoc\u00eda el t\u00e9rmino Covid-19, Reino Unido integraba la Uni\u00f3n Europea -Boris Johnson firm\u00f3 la salida en 2020-, y Twitter era ajeno al patrimonio de Elon Musk.<\/p>\n<p style=\"text-align: justify;\">Muchas cosas ocurrieron y cambiaron desde aquella diana de Kylian Mbapp\u00e9 en la victoria de Francia sobre Croacia (4-2) en el Complejo Ol\u00edmpico Luzhnik\u00ed, en Mosc\u00fa, donde los galos alcanzaron un reinado que comenzar\u00e1n a defender -en breve- en Qatar, sede del primer certamen universal de f\u00fatbol en suelo \u00e1rabe.<\/p>\n<p style=\"text-align: justify;\">Atr\u00e1s quedaron 51 meses \u2013o mil 589 d\u00edas-, y la naci\u00f3n \u00e1rabe tiene las puertas abiertas para la XXII Copa Mundial despu\u00e9s de un proceso organizativo no exento de cr\u00edticas, que trajo de vuelta profundas demandas sociales y de derechos humanos.<\/p>\n<p style=\"text-align: justify;\">\u201cDesde que obtuvimos el honor de albergar el mundial, Qatar se ha visto sometido a una campa\u00f1a sin precedentes a la que ning\u00fan pa\u00eds anfitri\u00f3n se ha enfrentado jam\u00e1s\u201d, dijo hace menos de un mes el Emir Tamin bin Hamad al Thani.<\/p>\n<p style=\"text-align: justify;\">Numerosas organizaciones internacionales aluden al historial de abusos laborales durante la construcci\u00f3n de los estadios, as\u00ed como la represi\u00f3n contra el colectivo LGTBI, documentado por ONGs como Amnist\u00eda Internacional o Human Rights Watch.<\/p>\n<p style=\"text-align: justify;\">Sin embargo, la naci\u00f3n refut\u00f3 estas acusaciones en los informes, al se\u00f1alar que son \u201ccateg\u00f3ricamente falsas\u201d y concentr\u00f3 todos sus esfuerzos en preparar el mejor \u201cMundial de la historia\u201d.<\/p>\n<p style=\"text-align: justify;\">Como en el pasado, el certamen leg\u00f3 desde este domingo un f\u00e9rtil caldo de cultivo para historias sobre h\u00e9roes y villanos en las canchas, esos mismos que lucharon durante varios meses sus tickets en un ambiente sui generis, por culpa de la Covid-19.<\/p>\n<p style=\"text-align: justify;\">Buena parte del proceso clasificatorio aconteci\u00f3 lejos de lo acostumbrado: estadios vac\u00edos, silencio en las gradas, mascarillas en los rostros, temor a contagios, medidas sanitarias\u2026, pero se le plant\u00f3 cara a la desgracia y aqu\u00ed est\u00e1n las 32 selecciones aspirantes al t\u00edtulo.<\/p>\n<p style=\"text-align: justify;\">Cuatro a\u00f1os despu\u00e9s del \u00faltimo gol de Rusia 2018, Cristiano Ronaldo vive una agon\u00eda letal en el Manchester United ingl\u00e9s; Messi es campe\u00f3n de Am\u00e9rica luego de levantar el trofeo en el mism\u00edsimo Maracan\u00e1 y Benzema qued\u00f3 fuera la v\u00edspera de Qatar 2022, a causa de una lesi\u00f3n.<\/p>\n<p style=\"text-align: justify;\">El igual franc\u00e9s Mbapp\u00e9 deviene estrella principal del monarca defensor, Brasil aparece como el gran favorito en las apuestas de hinchas y especialistas, y Argentina sue\u00f1a con acariciar su tercera corona ante la mirada atenta de Espa\u00f1a, Alemania, Inglaterra, Pa\u00edses Bajos y B\u00e9lgica.<\/p>\n<p style=\"text-align: justify;\"><strong>Por Jhonah D\u00edaz Gonz\u00e1lez, enviado especial<\/strong><\/p>\n<p style=\"text-align: justify;\"><strong>Fuente: Prensa Latina\u00a0\u00a0<\/strong><\/p>\n","protected":false},"excerpt":{"rendered":"<p>Cuatro a\u00f1os despu\u00e9s del \u00faltimo gol de Rusia 2018, Cristiano Ronaldo vive una agon\u00eda letal en el Manchester United ingl\u00e9s; Messi es campe\u00f3n de Am\u00e9rica luego de levantar el trofeo en el mism\u00edsimo Maracan\u00e1 y Benzema qued\u00f3 fuera la v\u00edspera de Qatar 2022, a causa de una lesi\u00f3n. Damasco, 20 nov (SANA) Cuando el \u00faltimo &hellip;<\/p>\n","protected":false},"author":34,"featured_media":263004,"comment_status":"closed","ping_status":"closed","sticky":false,"template":"","format":"standard","meta":{"footnotes":""},"categories":[597,494,456,7541],"tags":[],"class_list":["post-263002","post","type-post","status-publish","format-standard","has-post-thumbnail","","category-cinta-de-noticias","category-deportes","category-arabe-internacional-politica","category-ultimas-noticias"],"_links":{"self":[{"href":"https:\/\/archive.sana.sy\/es\/index.php?rest_route=\/wp\/v2\/posts\/263002"}],"collection":[{"href":"https:\/\/archive.sana.sy\/es\/index.php?rest_route=\/wp\/v2\/posts"}],"about":[{"href":"https:\/\/archive.sana.sy\/es\/index.php?rest_route=\/wp\/v2\/types\/post"}],"author":[{"embeddable":true,"href":"https:\/\/archive.sana.sy\/es\/index.php?rest_route=\/wp\/v2\/users\/34"}],"replies":[{"embeddable":true,"href":"https:\/\/archive.sana.sy\/es\/index.php?rest_route=%2Fwp%2Fv2%2Fcomments&post=263002"}],"version-history":[{"count":0,"href":"https:\/\/archive.sana.sy\/es\/index.php?rest_route=\/wp\/v2\/posts\/263002\/revisions"}],"wp:featuredmedia":[{"embeddable":true,"href":"https:\/\/archive.sana.sy\/es\/index.php?rest_route=\/wp\/v2\/media\/263004"}],"wp:attachment":[{"href":"https:\/\/archive.sana.sy\/es\/index.php?rest_route=%2Fwp%2Fv2%2Fmedia&parent=263002"}],"wp:term":[{"taxonomy":"category","embeddable":true,"href":"https:\/\/archive.sana.sy\/es\/index.php?rest_route=%2Fwp%2Fv2%2Fcategories&post=263002"},{"taxonomy":"post_tag","embeddable":true,"href":"https:\/\/archive.sana.sy\/es\/index.php?rest_route=%2Fwp%2Fv2%2Ftags&post=263002"}],"curies":[{"name":"wp","href":"https:\/\/api.w.org\/{rel}","templated":true}]}}