{"id":263022,"date":"2022-11-21T10:25:25","date_gmt":"2022-11-21T08:25:25","guid":{"rendered":"http:\/\/107.6.182.27\/es\/?p=263022"},"modified":"2023-01-10T15:50:01","modified_gmt":"2023-01-10T13:50:01","slug":"nyt-verifica-los-videos-de-la-ejecucion-de-militares-rusos-cautivos-por-soldados-ucranianos","status":"publish","type":"post","link":"https:\/\/archive.sana.sy\/es\/?p=263022","title":{"rendered":"NYT verifica los videos de la ejecuci\u00f3n de militares rusos cautivos por soldados ucranianos"},"content":{"rendered":"<blockquote>\n<p style=\"text-align: justify;\"><strong>&#8220;Lo ocurrido podr\u00eda constituir una causa bajo el Estatuto de Roma que en 1998 constituy\u00f3 la Corte Penal Internacional (CPI)&#8221;<\/strong><\/p>\n<\/blockquote>\n<p style=\"text-align: justify;\"><span style=\"color: #800000;\"><strong>Nueva York, 21 nov(SANA)<\/strong><\/span>\u00a0 \u00a0El diario New York Times verific\u00f3 la autenticidad de los videos en los que aparece un grupo de, al menos, 11 militares rusos cautivos y desarmados que fueron ejecutados a manos de las tropas ucranianas.<\/p>\n<p style=\"text-align: justify;\">Los autores del art\u00edculo, publicado este 20 de noviembre y citado por RT, analizaron el contenido de las grabaciones filmadas tanto por los efectivos de Kiev, como desde un dron. Asimismo, entrevistaron a dos expertos que explicaron qu\u00e9 es lo que pudo haber ocurrido.<\/p>\n<p style=\"text-align: justify;\">&#8220;Parece que la mayor\u00eda de ellos recibieron el disparo en la cabeza. Hay charcos de sangre. Eso indica que los dejaron all\u00ed muertos. Parece que no hicieron ning\u00fan esfuerzo por recogerlos o ayudarlos&#8221;, remarc\u00f3 Rohini Haar, asesora m\u00e9dica de la organizaci\u00f3n no gubernamental Physicians for Human Rights.<\/p>\n<p style=\"text-align: justify;\">En esta l\u00ednea, acentu\u00f3 que lo ocurrido podr\u00eda constituir una causa bajo el Estatuto de Roma que en 1998 constituy\u00f3 la Corte Penal Internacional (CPI). Concretamente, el tratado estipula que &#8220;matar o herir a un combatiente que, habiendo depuesto las armas o careciendo ya de medios de defensa, se haya rendido a discreci\u00f3n&#8221; constituye una violaci\u00f3n de las leyes de conflicto internacional armado, se\u00f1ala el diario.<\/p>\n<p style=\"text-align: justify;\">fm\/ed<\/p>\n","protected":false},"excerpt":{"rendered":"<p>&#8220;Lo ocurrido podr\u00eda constituir una causa bajo el Estatuto de Roma que en 1998 constituy\u00f3 la Corte Penal Internacional (CPI)&#8221; Nueva York, 21 nov(SANA)\u00a0 \u00a0El diario New York Times verific\u00f3 la autenticidad de los videos en los que aparece un grupo de, al menos, 11 militares rusos cautivos y desarmados que fueron ejecutados a manos &hellip;<\/p>\n","protected":false},"author":32,"featured_media":263025,"comment_status":"closed","ping_status":"closed","sticky":false,"template":"","format":"standard","meta":{"footnotes":""},"categories":[597,456,20724,7541],"tags":[8813],"class_list":["post-263022","post","type-post","status-publish","format-standard","has-post-thumbnail","","category-cinta-de-noticias","category-arabe-internacional-politica","category-minuto-a-minuto","category-ultimas-noticias","tag-nueva-york"],"_links":{"self":[{"href":"https:\/\/archive.sana.sy\/es\/index.php?rest_route=\/wp\/v2\/posts\/263022"}],"collection":[{"href":"https:\/\/archive.sana.sy\/es\/index.php?rest_route=\/wp\/v2\/posts"}],"about":[{"href":"https:\/\/archive.sana.sy\/es\/index.php?rest_route=\/wp\/v2\/types\/post"}],"author":[{"embeddable":true,"href":"https:\/\/archive.sana.sy\/es\/index.php?rest_route=\/wp\/v2\/users\/32"}],"replies":[{"embeddable":true,"href":"https:\/\/archive.sana.sy\/es\/index.php?rest_route=%2Fwp%2Fv2%2Fcomments&post=263022"}],"version-history":[{"count":0,"href":"https:\/\/archive.sana.sy\/es\/index.php?rest_route=\/wp\/v2\/posts\/263022\/revisions"}],"wp:featuredmedia":[{"embeddable":true,"href":"https:\/\/archive.sana.sy\/es\/index.php?rest_route=\/wp\/v2\/media\/263025"}],"wp:attachment":[{"href":"https:\/\/archive.sana.sy\/es\/index.php?rest_route=%2Fwp%2Fv2%2Fmedia&parent=263022"}],"wp:term":[{"taxonomy":"category","embeddable":true,"href":"https:\/\/archive.sana.sy\/es\/index.php?rest_route=%2Fwp%2Fv2%2Fcategories&post=263022"},{"taxonomy":"post_tag","embeddable":true,"href":"https:\/\/archive.sana.sy\/es\/index.php?rest_route=%2Fwp%2Fv2%2Ftags&post=263022"}],"curies":[{"name":"wp","href":"https:\/\/api.w.org\/{rel}","templated":true}]}}