{"id":263056,"date":"2022-11-21T15:28:48","date_gmt":"2022-11-21T13:28:48","guid":{"rendered":"http:\/\/107.6.182.27\/es\/?p=263056"},"modified":"2022-11-21T15:28:48","modified_gmt":"2022-11-21T13:28:48","slug":"gobernacion-de-deir-ezzor-recibe-nuevo-lote-de-equipo-electrico","status":"publish","type":"post","link":"https:\/\/archive.sana.sy\/es\/?p=263056","title":{"rendered":"Gobernaci\u00f3n de Deir Ezzor recibe nuevo lote de equipo el\u00e9ctrico"},"content":{"rendered":"<p style=\"text-align: justify;\"><span style=\"color: #800000;\"><strong>Deir Ezzor, 21 nov (SANA)<\/strong> <\/span>La Compa\u00f1\u00eda de Electricidad Deir Ezzor recibi\u00f3 hoy un env\u00edo de equipos el\u00e9ctricos proporcionados por el Ministerio de Electricidad, incluidos transformadores el\u00e9ctricos, aceites, cables y otros art\u00edculos.<\/p>\n<p style=\"text-align: justify;\">El Subdirector General de la Corporaci\u00f3n de Transmisi\u00f3n y Distribuci\u00f3n de Energ\u00eda El\u00e9ctrica, Ahmed Salmani, explic\u00f3 en declaraciones a SANA que este env\u00edo se enmarca en el plan del ministerio para asegurar materiales y equipos para las redes de baja tensi\u00f3n, y potenciar el sistema el\u00e9ctrico en Deir Ezzor durante la temporada de invierno, de manera que contribuya a la rehabilitaci\u00f3n y mantenimiento de las redes que han sido da\u00f1adas como resultado de los ataques terroristas.<\/p>\n<p style=\"text-align: justify;\">Por su parte, el Director de la Compa\u00f1\u00eda, Khaled Lutfi, resalt\u00f3 que los equipos que llegaron hoy se pondr\u00e1n en servicio de inmediato, para alimentar las zonas a las que no llegaba la electricidad en la provincia, e indic\u00f3 que estos equipos contribuir\u00e1n significativamente a mejorar el estado de la red el\u00e9ctrica en la provincia.<\/p>\n<p>mm<\/p>\n","protected":false},"excerpt":{"rendered":"<p>Deir Ezzor, 21 nov (SANA) La Compa\u00f1\u00eda de Electricidad Deir Ezzor recibi\u00f3 hoy un env\u00edo de equipos el\u00e9ctricos proporcionados por el Ministerio de Electricidad, incluidos transformadores el\u00e9ctricos, aceites, cables y otros art\u00edculos. El Subdirector General de la Corporaci\u00f3n de Transmisi\u00f3n y Distribuci\u00f3n de Energ\u00eda El\u00e9ctrica, Ahmed Salmani, explic\u00f3 en declaraciones a SANA que este env\u00edo &hellip;<\/p>\n","protected":false},"author":36,"featured_media":263057,"comment_status":"closed","ping_status":"closed","sticky":false,"template":"","format":"standard","meta":{"footnotes":""},"categories":[597,20724,476,457],"tags":[],"class_list":["post-263056","post","type-post","status-publish","format-standard","has-post-thumbnail","","category-cinta-de-noticias","category-minuto-a-minuto","category-locales","category-noticias-arabe-internacional-politica"],"_links":{"self":[{"href":"https:\/\/archive.sana.sy\/es\/index.php?rest_route=\/wp\/v2\/posts\/263056"}],"collection":[{"href":"https:\/\/archive.sana.sy\/es\/index.php?rest_route=\/wp\/v2\/posts"}],"about":[{"href":"https:\/\/archive.sana.sy\/es\/index.php?rest_route=\/wp\/v2\/types\/post"}],"author":[{"embeddable":true,"href":"https:\/\/archive.sana.sy\/es\/index.php?rest_route=\/wp\/v2\/users\/36"}],"replies":[{"embeddable":true,"href":"https:\/\/archive.sana.sy\/es\/index.php?rest_route=%2Fwp%2Fv2%2Fcomments&post=263056"}],"version-history":[{"count":0,"href":"https:\/\/archive.sana.sy\/es\/index.php?rest_route=\/wp\/v2\/posts\/263056\/revisions"}],"wp:featuredmedia":[{"embeddable":true,"href":"https:\/\/archive.sana.sy\/es\/index.php?rest_route=\/wp\/v2\/media\/263057"}],"wp:attachment":[{"href":"https:\/\/archive.sana.sy\/es\/index.php?rest_route=%2Fwp%2Fv2%2Fmedia&parent=263056"}],"wp:term":[{"taxonomy":"category","embeddable":true,"href":"https:\/\/archive.sana.sy\/es\/index.php?rest_route=%2Fwp%2Fv2%2Fcategories&post=263056"},{"taxonomy":"post_tag","embeddable":true,"href":"https:\/\/archive.sana.sy\/es\/index.php?rest_route=%2Fwp%2Fv2%2Ftags&post=263056"}],"curies":[{"name":"wp","href":"https:\/\/api.w.org\/{rel}","templated":true}]}}