{"id":263083,"date":"2022-11-21T17:09:26","date_gmt":"2022-11-21T15:09:26","guid":{"rendered":"http:\/\/107.6.182.27\/es\/?p=263083"},"modified":"2022-11-21T17:09:26","modified_gmt":"2022-11-21T15:09:26","slug":"delegacion-de-la-republica-arabe-siria-llega-a-kazajstan-para-participar-en-la-19a-reunion-de-astana","status":"publish","type":"post","link":"https:\/\/archive.sana.sy\/es\/?p=263083","title":{"rendered":"Delegaci\u00f3n de la Rep\u00fablica \u00c1rabe Siria llega a Kazajst\u00e1n para participar en la 19\u00aa reuni\u00f3n de Astan\u00e1"},"content":{"rendered":"<p style=\"text-align: justify;\"><span style=\"color: #800000;\"><strong>Astan\u00e1, 21 nov (SANA)<\/strong><\/span> La delegaci\u00f3n de la Rep\u00fablica \u00c1rabe Siria a las reuniones de la 19\u00aa Conferencia Internacional sobre Siria en formato Astan\u00e1 lleg\u00f3 este lunes a la capital kazaja, encabezada por el Ayman Susan, ministro adjunto de Relaciones Exteriores y Expatriados.<\/p>\n<p style=\"text-align: justify;\">El Ministerio de Relaciones Exteriores de Kazajst\u00e1n anunci\u00f3 en un comunicado que la delegaci\u00f3n de la Federaci\u00f3n Rusa encabezada por Alexander Lavrentiev, enviado especial del presidente ruso a Siria, y la delegaci\u00f3n iran\u00ed encabezada por el vicecanciller Ali Asghar Khaji, adem\u00e1s de otras delegaciones de otros pa\u00edses participar\u00e1n en dicha conferencia.<\/p>\n<p>Cabe destacar que la \u00faltima conferencia en formato Astan\u00e1 sobre Siria tuvo lugar los d\u00edas 15 y 16 de Junio pasado en la capital kazaja.<\/p>\n<p>mm<\/p>\n","protected":false},"excerpt":{"rendered":"<p>Astan\u00e1, 21 nov (SANA) La delegaci\u00f3n de la Rep\u00fablica \u00c1rabe Siria a las reuniones de la 19\u00aa Conferencia Internacional sobre Siria en formato Astan\u00e1 lleg\u00f3 este lunes a la capital kazaja, encabezada por el Ayman Susan, ministro adjunto de Relaciones Exteriores y Expatriados. El Ministerio de Relaciones Exteriores de Kazajst\u00e1n anunci\u00f3 en un comunicado que &hellip;<\/p>\n","protected":false},"author":36,"featured_media":263084,"comment_status":"closed","ping_status":"closed","sticky":false,"template":"","format":"standard","meta":{"footnotes":""},"categories":[597,20724,467,7541],"tags":[],"class_list":["post-263083","post","type-post","status-publish","format-standard","has-post-thumbnail","","category-cinta-de-noticias","category-minuto-a-minuto","category-siria-y-el-mundo","category-ultimas-noticias"],"_links":{"self":[{"href":"https:\/\/archive.sana.sy\/es\/index.php?rest_route=\/wp\/v2\/posts\/263083"}],"collection":[{"href":"https:\/\/archive.sana.sy\/es\/index.php?rest_route=\/wp\/v2\/posts"}],"about":[{"href":"https:\/\/archive.sana.sy\/es\/index.php?rest_route=\/wp\/v2\/types\/post"}],"author":[{"embeddable":true,"href":"https:\/\/archive.sana.sy\/es\/index.php?rest_route=\/wp\/v2\/users\/36"}],"replies":[{"embeddable":true,"href":"https:\/\/archive.sana.sy\/es\/index.php?rest_route=%2Fwp%2Fv2%2Fcomments&post=263083"}],"version-history":[{"count":0,"href":"https:\/\/archive.sana.sy\/es\/index.php?rest_route=\/wp\/v2\/posts\/263083\/revisions"}],"wp:featuredmedia":[{"embeddable":true,"href":"https:\/\/archive.sana.sy\/es\/index.php?rest_route=\/wp\/v2\/media\/263084"}],"wp:attachment":[{"href":"https:\/\/archive.sana.sy\/es\/index.php?rest_route=%2Fwp%2Fv2%2Fmedia&parent=263083"}],"wp:term":[{"taxonomy":"category","embeddable":true,"href":"https:\/\/archive.sana.sy\/es\/index.php?rest_route=%2Fwp%2Fv2%2Fcategories&post=263083"},{"taxonomy":"post_tag","embeddable":true,"href":"https:\/\/archive.sana.sy\/es\/index.php?rest_route=%2Fwp%2Fv2%2Ftags&post=263083"}],"curies":[{"name":"wp","href":"https:\/\/api.w.org\/{rel}","templated":true}]}}