{"id":263086,"date":"2022-11-21T17:13:12","date_gmt":"2022-11-21T15:13:12","guid":{"rendered":"http:\/\/107.6.182.27\/es\/?p=263086"},"modified":"2023-01-10T15:50:00","modified_gmt":"2023-01-10T13:50:00","slug":"fueras-aereas-rusas-ponen-en-servicio-nuevos-cazas","status":"publish","type":"post","link":"https:\/\/archive.sana.sy\/es\/?p=263086","title":{"rendered":"Fuerzas a\u00e9reas rusas ponen en servicio nuevos cazas"},"content":{"rendered":"<p style=\"text-align: justify;\"><span style=\"color: #800000;\"><strong>Mosc\u00fa, 21 nov (SANA)\u00a0<\/strong> <\/span>\u00a0La Empresa Rusa de la Industria Aeron\u00e1utica Unida anunci\u00f3 hoy que ha entregado un nuevo lote de cazas Su-30M2 y Yak-130 a la fuerzas a\u00e9reas nacionales.<\/p>\n<p style=\"text-align: justify;\">\u201cLa planta (Irkutsk) de aviones, perteneciente a la mencionada empresa, ha fabricado y entregado nuevos cazas de estos dos modelos al Ministerio de Defensa ruso\u201d, difundi\u00f3 Sputnik a la Compa\u00f1\u00eda, sin mencionar su n\u00famero.<\/p>\n<p style=\"text-align: justify;\">Por su parte, el director general de la empresa afirm\u00f3 que la entidad seguir\u00e1 cumpliendo con sus obligaciones en el marco de las \u00f3rdenes del Ministerio de Defensa, se\u00f1alando que se est\u00e1 fabricando otro lote de aeronaves, el cual ser\u00e1 entregado a finales de este a\u00f1o.<\/p>\n<p style=\"text-align: justify;\">sm<\/p>\n","protected":false},"excerpt":{"rendered":"<p>Mosc\u00fa, 21 nov (SANA)\u00a0 \u00a0La Empresa Rusa de la Industria Aeron\u00e1utica Unida anunci\u00f3 hoy que ha entregado un nuevo lote de cazas Su-30M2 y Yak-130 a la fuerzas a\u00e9reas nacionales. \u201cLa planta (Irkutsk) de aviones, perteneciente a la mencionada empresa, ha fabricado y entregado nuevos cazas de estos dos modelos al Ministerio de Defensa ruso\u201d, &hellip;<\/p>\n","protected":false},"author":39,"featured_media":263087,"comment_status":"closed","ping_status":"closed","sticky":false,"template":"","format":"standard","meta":{"footnotes":""},"categories":[597,456,20724,7541],"tags":[21528,21529],"class_list":["post-263086","post","type-post","status-publish","format-standard","has-post-thumbnail","","category-cinta-de-noticias","category-arabe-internacional-politica","category-minuto-a-minuto","category-ultimas-noticias","tag-fueras-aereas-rusas","tag-nuevos-cazas"],"_links":{"self":[{"href":"https:\/\/archive.sana.sy\/es\/index.php?rest_route=\/wp\/v2\/posts\/263086"}],"collection":[{"href":"https:\/\/archive.sana.sy\/es\/index.php?rest_route=\/wp\/v2\/posts"}],"about":[{"href":"https:\/\/archive.sana.sy\/es\/index.php?rest_route=\/wp\/v2\/types\/post"}],"author":[{"embeddable":true,"href":"https:\/\/archive.sana.sy\/es\/index.php?rest_route=\/wp\/v2\/users\/39"}],"replies":[{"embeddable":true,"href":"https:\/\/archive.sana.sy\/es\/index.php?rest_route=%2Fwp%2Fv2%2Fcomments&post=263086"}],"version-history":[{"count":0,"href":"https:\/\/archive.sana.sy\/es\/index.php?rest_route=\/wp\/v2\/posts\/263086\/revisions"}],"wp:featuredmedia":[{"embeddable":true,"href":"https:\/\/archive.sana.sy\/es\/index.php?rest_route=\/wp\/v2\/media\/263087"}],"wp:attachment":[{"href":"https:\/\/archive.sana.sy\/es\/index.php?rest_route=%2Fwp%2Fv2%2Fmedia&parent=263086"}],"wp:term":[{"taxonomy":"category","embeddable":true,"href":"https:\/\/archive.sana.sy\/es\/index.php?rest_route=%2Fwp%2Fv2%2Fcategories&post=263086"},{"taxonomy":"post_tag","embeddable":true,"href":"https:\/\/archive.sana.sy\/es\/index.php?rest_route=%2Fwp%2Fv2%2Ftags&post=263086"}],"curies":[{"name":"wp","href":"https:\/\/api.w.org\/{rel}","templated":true}]}}