{"id":263111,"date":"2022-11-21T04:55:41","date_gmt":"2022-11-21T02:55:41","guid":{"rendered":"http:\/\/107.6.182.27\/es\/?p=263111"},"modified":"2023-01-10T15:50:02","modified_gmt":"2023-01-10T13:50:02","slug":"se-avecina-una-guerra-comercial-entre-ee-uu-y-la-ue-segun-the-politico","status":"publish","type":"post","link":"https:\/\/archive.sana.sy\/es\/?p=263111","title":{"rendered":"Se avecina una guerra comercial entre EE.UU. y la UE, seg\u00fan the Politico"},"content":{"rendered":"<blockquote><p><span style=\"color: #808080;\"><strong>&#8220;El problema para los europeos&#8221; radica en que &#8220;el esquema de Washington alentar\u00e1 a las empresas a transferir inversiones fuera de Europa&#8221; y a los clientes a &#8220;comprar estadounidense&#8221;.<\/strong><\/span><\/p><\/blockquote>\n<p style=\"text-align: justify;\"><span style=\"color: #800000;\"><strong>Damasco, 21 nov (SANA)<\/strong> <\/span>La entrada en vigor de la Ley de Reducci\u00f3n de la Inflaci\u00f3n de EE.UU. podr\u00eda acabar en una guerra comercial entre el pa\u00eds norteamericano y la Uni\u00f3n Europea (UE), advierte Politico.<\/p>\n<p style=\"text-align: justify;\">&#8220;Las preocupaciones de Europa est\u00e1n relacionadas con el paquete estadounidense de subsidios y exenciones fiscales por valor de 369.000 millones de d\u00f3lares para apoyar a las empresas &#8216;verdes&#8217; en Estados Unidos, que entrar\u00e1 en vigor el 1 de enero&#8221;, escribe la publicaci\u00f3n.<\/p>\n<p style=\"text-align: justify;\">Politico se\u00f1ala que &#8220;el problema para los europeos&#8221; radica en que &#8220;el esquema de Washington alentar\u00e1 a las empresas a transferir inversiones fuera de Europa&#8221; y a los clientes a &#8220;comprar estadounidense&#8221;.<\/p>\n<p style=\"text-align: justify;\">En agosto, el presidente de Estados Unidos, Joe Biden, firm\u00f3 la Ley de Reducci\u00f3n de la Inflaci\u00f3n, que establece recortes de impuestos y otros beneficios para las empresas que abran en suelo estadounidense.<\/p>\n<p style=\"text-align: justify;\">&#8220;Si este desacuerdo ahora se sale de control, conducir\u00e1 a una guerra comercial, algo que aterroriza a los asediados europeos&#8221;, advierte Politico. &#8220;El tiempo corre para una tregua con Biden que parece cada vez m\u00e1s improbable&#8221;, a\u00f1ade el medio.<\/p>\n<p style=\"text-align: justify;\">&#8220;Ser\u00e1 demasiado tarde&#8221;<\/p>\n<p style=\"text-align: justify;\">&#8220;Solo quedan unas pocas semanas&#8221;, advirti\u00f3 Bernd Lange, presidente del Comit\u00e9 de comercio del Parlamento europeo, agregando que &#8220;una vez que la ley se encuentre en vigor, ser\u00e1 demasiado tarde para la b\u00fasqueda de alg\u00fan cambio&#8221;.<\/p>\n<p style=\"text-align: justify;\">Lange enfatiz\u00f3 que la falta de un acuerdo, probablemente, provocar\u00e1 una demanda de la UE en la Organizaci\u00f3n Mundial del Comercio (OMC) contra Estados Unidos y la imposici\u00f3n de aranceles punitivos por parte del bloque comunitario.<\/p>\n<p style=\"text-align: justify;\">A principios de este mes, el Gobierno del canciller alem\u00e1n Olaf Scholz solicit\u00f3 a Washington un nuevo acuerdo comercial entre la UE y Estados Unidos para resolver sus diferencias, pero la propuesta fue rechazada r\u00e1pidamente.<\/p>\n<p>Texto tomado de RT<\/p>\n","protected":false},"excerpt":{"rendered":"<p>&#8220;El problema para los europeos&#8221; radica en que &#8220;el esquema de Washington alentar\u00e1 a las empresas a transferir inversiones fuera de Europa&#8221; y a los clientes a &#8220;comprar estadounidense&#8221;. Damasco, 21 nov (SANA) La entrada en vigor de la Ley de Reducci\u00f3n de la Inflaci\u00f3n de EE.UU. podr\u00eda acabar en una guerra comercial entre el &hellip;<\/p>\n","protected":false},"author":36,"featured_media":263112,"comment_status":"closed","ping_status":"closed","sticky":false,"template":"","format":"standard","meta":{"footnotes":""},"categories":[597,456,20724,457,583],"tags":[],"class_list":["post-263111","post","type-post","status-publish","format-standard","has-post-thumbnail","","category-cinta-de-noticias","category-arabe-internacional-politica","category-minuto-a-minuto","category-noticias-arabe-internacional-politica","category-slide"],"_links":{"self":[{"href":"https:\/\/archive.sana.sy\/es\/index.php?rest_route=\/wp\/v2\/posts\/263111"}],"collection":[{"href":"https:\/\/archive.sana.sy\/es\/index.php?rest_route=\/wp\/v2\/posts"}],"about":[{"href":"https:\/\/archive.sana.sy\/es\/index.php?rest_route=\/wp\/v2\/types\/post"}],"author":[{"embeddable":true,"href":"https:\/\/archive.sana.sy\/es\/index.php?rest_route=\/wp\/v2\/users\/36"}],"replies":[{"embeddable":true,"href":"https:\/\/archive.sana.sy\/es\/index.php?rest_route=%2Fwp%2Fv2%2Fcomments&post=263111"}],"version-history":[{"count":0,"href":"https:\/\/archive.sana.sy\/es\/index.php?rest_route=\/wp\/v2\/posts\/263111\/revisions"}],"wp:featuredmedia":[{"embeddable":true,"href":"https:\/\/archive.sana.sy\/es\/index.php?rest_route=\/wp\/v2\/media\/263112"}],"wp:attachment":[{"href":"https:\/\/archive.sana.sy\/es\/index.php?rest_route=%2Fwp%2Fv2%2Fmedia&parent=263111"}],"wp:term":[{"taxonomy":"category","embeddable":true,"href":"https:\/\/archive.sana.sy\/es\/index.php?rest_route=%2Fwp%2Fv2%2Fcategories&post=263111"},{"taxonomy":"post_tag","embeddable":true,"href":"https:\/\/archive.sana.sy\/es\/index.php?rest_route=%2Fwp%2Fv2%2Ftags&post=263111"}],"curies":[{"name":"wp","href":"https:\/\/api.w.org\/{rel}","templated":true}]}}