{"id":26321,"date":"2015-07-08T20:23:38","date_gmt":"2015-07-08T17:23:38","guid":{"rendered":"http:\/\/sana.sy\/es\/?p=26321"},"modified":"2015-07-08T20:23:38","modified_gmt":"2015-07-08T17:23:38","slug":"el-ejercito-iraqui-abate-a-109-terroristas-del-ei","status":"publish","type":"post","link":"https:\/\/archive.sana.sy\/es\/?p=26321","title":{"rendered":"El Ej\u00e9rcito iraqu\u00ed abate a 109 terroristas del EI"},"content":{"rendered":"<p><span style=\"color: #800000\">Bagdad-SANA<\/span><\/p>\n<p style=\"text-align: justify\">El Ej\u00e9rcito iraqu\u00ed, apoyado por las Unidades de Movilizaci\u00f3n Popular, acabo el martes con la vida de 109 militantes del grupo terrorista EI en varias zonas del pa\u00eds.<\/p>\n<p style=\"text-align: justify\">Al menos 23 terroristas del EI (Daesh) murieron durante las operaciones de las fuerzas iraqu\u00edes en algunas partes de la ciudad de Al-Karma, situada a 48 kil\u00f3metros al oeste de la provincia de Bagdad.<\/p>\n<p style=\"text-align: justify\">En paralelo, las tropas iraqu\u00edes eliminaros a 36 terroristas en la regi\u00f3n de Fatha (norte de Bagdad), a 12 en la ciudad occidental de Faluya, 29 en la provincia occidental de Al-Anbar, ocho en la provincia central de Salah al-Din, seg\u00fan informaron fuentes militares.<\/p>\n<p style=\"text-align: justify\">Por otra parte, al menos 35 integrantes del EI se rindieron el martes ante las fuerzas populares iraqu\u00edes en la provincia de Al-Anbar.<\/p>\n<p>M.Miri<\/p>\n","protected":false},"excerpt":{"rendered":"<p>Bagdad-SANA El Ej\u00e9rcito iraqu\u00ed, apoyado por las Unidades de Movilizaci\u00f3n Popular, acabo el martes con la vida de 109 militantes del grupo terrorista EI en varias zonas del pa\u00eds. Al menos 23 terroristas del EI (Daesh) murieron durante las operaciones de las fuerzas iraqu\u00edes en algunas partes de la ciudad de Al-Karma, situada a 48 &hellip;<\/p>\n","protected":false},"author":1,"featured_media":23997,"comment_status":"closed","ping_status":"closed","sticky":false,"template":"","format":"standard","meta":{"footnotes":""},"categories":[456,457,576],"tags":[5915],"class_list":["post-26321","post","type-post","status-publish","format-standard","has-post-thumbnail","","category-arabe-internacional-politica","category-noticias-arabe-internacional-politica","category-noticias-politicas","tag-el-ejercito-iraqui-abate-a-109-terroristas-del-ei"],"_links":{"self":[{"href":"https:\/\/archive.sana.sy\/es\/index.php?rest_route=\/wp\/v2\/posts\/26321"}],"collection":[{"href":"https:\/\/archive.sana.sy\/es\/index.php?rest_route=\/wp\/v2\/posts"}],"about":[{"href":"https:\/\/archive.sana.sy\/es\/index.php?rest_route=\/wp\/v2\/types\/post"}],"author":[{"embeddable":true,"href":"https:\/\/archive.sana.sy\/es\/index.php?rest_route=\/wp\/v2\/users\/1"}],"replies":[{"embeddable":true,"href":"https:\/\/archive.sana.sy\/es\/index.php?rest_route=%2Fwp%2Fv2%2Fcomments&post=26321"}],"version-history":[{"count":0,"href":"https:\/\/archive.sana.sy\/es\/index.php?rest_route=\/wp\/v2\/posts\/26321\/revisions"}],"wp:featuredmedia":[{"embeddable":true,"href":"https:\/\/archive.sana.sy\/es\/index.php?rest_route=\/wp\/v2\/media\/23997"}],"wp:attachment":[{"href":"https:\/\/archive.sana.sy\/es\/index.php?rest_route=%2Fwp%2Fv2%2Fmedia&parent=26321"}],"wp:term":[{"taxonomy":"category","embeddable":true,"href":"https:\/\/archive.sana.sy\/es\/index.php?rest_route=%2Fwp%2Fv2%2Fcategories&post=26321"},{"taxonomy":"post_tag","embeddable":true,"href":"https:\/\/archive.sana.sy\/es\/index.php?rest_route=%2Fwp%2Fv2%2Ftags&post=26321"}],"curies":[{"name":"wp","href":"https:\/\/api.w.org\/{rel}","templated":true}]}}