{"id":26326,"date":"2015-07-08T20:45:07","date_gmt":"2015-07-08T17:45:07","guid":{"rendered":"http:\/\/sana.sy\/es\/?p=26326"},"modified":"2015-07-08T20:50:08","modified_gmt":"2015-07-08T17:50:08","slug":"nuevos-bombardeos-aereos-saudies-contra-yemen","status":"publish","type":"post","link":"https:\/\/archive.sana.sy\/es\/?p=26326","title":{"rendered":"Nuevos bombardeos a\u00e9reos saud\u00edes contra Yemen"},"content":{"rendered":"<p><span style=\"color: #800000\">San\u00e1-SANA<\/span><\/p>\n<p style=\"text-align: justify\">En un bombardeo con misiles, efectuado en la noche del martes contra una mezquita en la provincia sure\u00f1a de Lahij, por cazas saud\u00ed-estadounidenses, al menos 9 civiles yemen\u00edes perdieron la vida y otros m\u00e1s resultaron heridos.<\/p>\n<p style=\"text-align: justify\">\nDe acuerdo con fuentes locales, los cazas atacaron una mezquita en la regi\u00f3n de Al-Wahat y provoc\u00f3 graves da\u00f1os materiales.<\/p>\n<p style=\"text-align: justify\">Por otra parte, las fuentes de seguridad yemen\u00edes informaron en la noche del martes de la explosi\u00f3n de un coche bomba frente a una mezquita en uno de los barrios de la capital de San\u00e1. Causando la muerte de ocho personas.<\/p>\n<p style=\"text-align: justify\">Asimismo, otras 11 personas perecieron en un doble atentado con coche bomba registrados en la ciudad de Al-Bayda (sureste) y San\u00e1, capital yemen\u00ed.<\/p>\n<p style=\"text-align: justify\">Diferentes ciudades y provincias yemen\u00edes, entre las cuales Ad\u00e9n (sur), y Amr\u00e1n (norte), registraron jornadas sangrientas, con una cifra de al menos 132 personas muertas en una serie de bombardeos saud\u00edes.<\/p>\n<p>M.Miri<\/p>\n","protected":false},"excerpt":{"rendered":"<p>San\u00e1-SANA En un bombardeo con misiles, efectuado en la noche del martes contra una mezquita en la provincia sure\u00f1a de Lahij, por cazas saud\u00ed-estadounidenses, al menos 9 civiles yemen\u00edes perdieron la vida y otros m\u00e1s resultaron heridos. De acuerdo con fuentes locales, los cazas atacaron una mezquita en la regi\u00f3n de Al-Wahat y provoc\u00f3 graves &hellip;<\/p>\n","protected":false},"author":1,"featured_media":23019,"comment_status":"closed","ping_status":"closed","sticky":false,"template":"","format":"standard","meta":{"footnotes":""},"categories":[456,457,576],"tags":[5917],"class_list":["post-26326","post","type-post","status-publish","format-standard","has-post-thumbnail","","category-arabe-internacional-politica","category-noticias-arabe-internacional-politica","category-noticias-politicas","tag-nuevos-bombardeos-aereos-saudies-contra-yemen"],"_links":{"self":[{"href":"https:\/\/archive.sana.sy\/es\/index.php?rest_route=\/wp\/v2\/posts\/26326"}],"collection":[{"href":"https:\/\/archive.sana.sy\/es\/index.php?rest_route=\/wp\/v2\/posts"}],"about":[{"href":"https:\/\/archive.sana.sy\/es\/index.php?rest_route=\/wp\/v2\/types\/post"}],"author":[{"embeddable":true,"href":"https:\/\/archive.sana.sy\/es\/index.php?rest_route=\/wp\/v2\/users\/1"}],"replies":[{"embeddable":true,"href":"https:\/\/archive.sana.sy\/es\/index.php?rest_route=%2Fwp%2Fv2%2Fcomments&post=26326"}],"version-history":[{"count":0,"href":"https:\/\/archive.sana.sy\/es\/index.php?rest_route=\/wp\/v2\/posts\/26326\/revisions"}],"wp:featuredmedia":[{"embeddable":true,"href":"https:\/\/archive.sana.sy\/es\/index.php?rest_route=\/wp\/v2\/media\/23019"}],"wp:attachment":[{"href":"https:\/\/archive.sana.sy\/es\/index.php?rest_route=%2Fwp%2Fv2%2Fmedia&parent=26326"}],"wp:term":[{"taxonomy":"category","embeddable":true,"href":"https:\/\/archive.sana.sy\/es\/index.php?rest_route=%2Fwp%2Fv2%2Fcategories&post=26326"},{"taxonomy":"post_tag","embeddable":true,"href":"https:\/\/archive.sana.sy\/es\/index.php?rest_route=%2Fwp%2Fv2%2Ftags&post=26326"}],"curies":[{"name":"wp","href":"https:\/\/api.w.org\/{rel}","templated":true}]}}