{"id":263286,"date":"2022-11-23T08:54:21","date_gmt":"2022-11-23T06:54:21","guid":{"rendered":"http:\/\/107.6.182.27\/es\/?p=263286"},"modified":"2023-01-10T15:49:55","modified_gmt":"2023-01-10T13:49:55","slug":"13-israelies-heridos-por-dos-explosiones-en-jerusalen-ocupada","status":"publish","type":"post","link":"https:\/\/archive.sana.sy\/es\/?p=263286","title":{"rendered":"Dos explosiones en Jerusal\u00e9n matan a un israel\u00ed e hieren a otros 19"},"content":{"rendered":"<p style=\"text-align: justify;\"><span style=\"color: #800000;\"><strong>Jerusal\u00e9n ocupada, 23 nov (SANA)<\/strong><\/span>\u00a0 Un colono israel\u00ed muri\u00f3 hoy y otros 19 resultaron heridos hoy por una explosi\u00f3n ocurrida cerca de una estaci\u00f3n de autobuses en la ocupada ciudad de Jerusal\u00e9n.<\/p>\n<p>Los medios israel\u00edes informaron que una explosi\u00f3n ocurri\u00f3 alrededor de las 08:00 am cerca de la estaci\u00f3n central de autobuses en la entrada de Jerusal\u00e9n.<\/p>\n<p>Aclararon que el estallido fue resultado de un artefacto explosivo colocado en el lugar, e hiri\u00f3 a 10 israel\u00edes, algunos de gravedad.<\/p>\n<p>Aproximadamente 15 minutos despu\u00e9s, se produjo una segunda explosi\u00f3n en otra estaci\u00f3n de autobuses al sur de Jerusal\u00e9n, hiriendo a 3 colonos.<\/p>\n<p style=\"text-align: justify;\"><em><strong>fm\/ws<\/strong><\/em><\/p>\n","protected":false},"excerpt":{"rendered":"<p>Jerusal\u00e9n ocupada, 23 nov (SANA)\u00a0 Un colono israel\u00ed muri\u00f3 hoy y otros 19 resultaron heridos hoy por una explosi\u00f3n ocurrida cerca de una estaci\u00f3n de autobuses en la ocupada ciudad de Jerusal\u00e9n. Los medios israel\u00edes informaron que una explosi\u00f3n ocurri\u00f3 alrededor de las 08:00 am cerca de la estaci\u00f3n central de autobuses en la entrada &hellip;<\/p>\n","protected":false},"author":35,"featured_media":263300,"comment_status":"closed","ping_status":"closed","sticky":false,"template":"","format":"standard","meta":{"footnotes":""},"categories":[597,456,20724,457,583],"tags":[],"class_list":["post-263286","post","type-post","status-publish","format-standard","has-post-thumbnail","","category-cinta-de-noticias","category-arabe-internacional-politica","category-minuto-a-minuto","category-noticias-arabe-internacional-politica","category-slide"],"_links":{"self":[{"href":"https:\/\/archive.sana.sy\/es\/index.php?rest_route=\/wp\/v2\/posts\/263286"}],"collection":[{"href":"https:\/\/archive.sana.sy\/es\/index.php?rest_route=\/wp\/v2\/posts"}],"about":[{"href":"https:\/\/archive.sana.sy\/es\/index.php?rest_route=\/wp\/v2\/types\/post"}],"author":[{"embeddable":true,"href":"https:\/\/archive.sana.sy\/es\/index.php?rest_route=\/wp\/v2\/users\/35"}],"replies":[{"embeddable":true,"href":"https:\/\/archive.sana.sy\/es\/index.php?rest_route=%2Fwp%2Fv2%2Fcomments&post=263286"}],"version-history":[{"count":0,"href":"https:\/\/archive.sana.sy\/es\/index.php?rest_route=\/wp\/v2\/posts\/263286\/revisions"}],"wp:featuredmedia":[{"embeddable":true,"href":"https:\/\/archive.sana.sy\/es\/index.php?rest_route=\/wp\/v2\/media\/263300"}],"wp:attachment":[{"href":"https:\/\/archive.sana.sy\/es\/index.php?rest_route=%2Fwp%2Fv2%2Fmedia&parent=263286"}],"wp:term":[{"taxonomy":"category","embeddable":true,"href":"https:\/\/archive.sana.sy\/es\/index.php?rest_route=%2Fwp%2Fv2%2Fcategories&post=263286"},{"taxonomy":"post_tag","embeddable":true,"href":"https:\/\/archive.sana.sy\/es\/index.php?rest_route=%2Fwp%2Fv2%2Ftags&post=263286"}],"curies":[{"name":"wp","href":"https:\/\/api.w.org\/{rel}","templated":true}]}}