{"id":263289,"date":"2022-11-23T09:08:59","date_gmt":"2022-11-23T07:08:59","guid":{"rendered":"http:\/\/107.6.182.27\/es\/?p=263289"},"modified":"2023-01-10T15:49:54","modified_gmt":"2023-01-10T13:49:54","slug":"ucrania-podria-convertirse-en-un-agujero-negro-para-occidente","status":"publish","type":"post","link":"https:\/\/archive.sana.sy\/es\/?p=263289","title":{"rendered":"Ucrania podr\u00eda convertirse en un agujero negro para Occidente"},"content":{"rendered":"<p style=\"text-align: justify;\"><span style=\"color: #800000;\"><strong>Londres, 23 nov (SANA)\u00a0<\/strong> <\/span>\u00a0El embajador ruso en Londres, Andrei Kelin, advirti\u00f3 que Ucrania podr\u00eda convertirse en un agujero negro para Occidente, y se burl\u00f3 de la intransigencia de Kiev y su ilusi\u00f3n de lograr una victoria sobre Rusia.<\/p>\n<p>En una entrevista con la BBC, Kelin dijo: &#8220;No se llevan a cabo negociaciones informales porque Kiev es muy intransigente y tiene la ilusi\u00f3n de que puede lograr la victoria en esta guerra con Rusia, y esto es una ilusi\u00f3n&#8221;.<\/p>\n<p>&#8220;Kiev no puede prescindirse de los suministro de armas y la financiaci\u00f3n de Occidente, y aqu\u00ed est\u00e1 el problema, y que cualquier conflicto o guerra termina en la mesa de negociaciones&#8221;, opin\u00f3 el diplom\u00e1tico.<\/p>\n<p>Agreg\u00f3 que Ucrania perdi\u00f3 amplios territorios, capacidades econ\u00f3micas y agr\u00edcolas, y ahora est\u00e1 perdiendo recursos humanos, y Occidente no est\u00e1 pensando en eso y cree que Ucrania puede convertirse en un agujero negro sin econom\u00eda, dinero y poblaci\u00f3n.<\/p>\n<p style=\"text-align: justify;\"><em><strong>fm\/ws<\/strong><\/em><\/p>\n","protected":false},"excerpt":{"rendered":"<p>Londres, 23 nov (SANA)\u00a0 \u00a0El embajador ruso en Londres, Andrei Kelin, advirti\u00f3 que Ucrania podr\u00eda convertirse en un agujero negro para Occidente, y se burl\u00f3 de la intransigencia de Kiev y su ilusi\u00f3n de lograr una victoria sobre Rusia. En una entrevista con la BBC, Kelin dijo: &#8220;No se llevan a cabo negociaciones informales porque &hellip;<\/p>\n","protected":false},"author":35,"featured_media":263290,"comment_status":"closed","ping_status":"closed","sticky":false,"template":"","format":"standard","meta":{"footnotes":""},"categories":[597,456,20724,7541],"tags":[],"class_list":["post-263289","post","type-post","status-publish","format-standard","has-post-thumbnail","","category-cinta-de-noticias","category-arabe-internacional-politica","category-minuto-a-minuto","category-ultimas-noticias"],"_links":{"self":[{"href":"https:\/\/archive.sana.sy\/es\/index.php?rest_route=\/wp\/v2\/posts\/263289"}],"collection":[{"href":"https:\/\/archive.sana.sy\/es\/index.php?rest_route=\/wp\/v2\/posts"}],"about":[{"href":"https:\/\/archive.sana.sy\/es\/index.php?rest_route=\/wp\/v2\/types\/post"}],"author":[{"embeddable":true,"href":"https:\/\/archive.sana.sy\/es\/index.php?rest_route=\/wp\/v2\/users\/35"}],"replies":[{"embeddable":true,"href":"https:\/\/archive.sana.sy\/es\/index.php?rest_route=%2Fwp%2Fv2%2Fcomments&post=263289"}],"version-history":[{"count":0,"href":"https:\/\/archive.sana.sy\/es\/index.php?rest_route=\/wp\/v2\/posts\/263289\/revisions"}],"wp:featuredmedia":[{"embeddable":true,"href":"https:\/\/archive.sana.sy\/es\/index.php?rest_route=\/wp\/v2\/media\/263290"}],"wp:attachment":[{"href":"https:\/\/archive.sana.sy\/es\/index.php?rest_route=%2Fwp%2Fv2%2Fmedia&parent=263289"}],"wp:term":[{"taxonomy":"category","embeddable":true,"href":"https:\/\/archive.sana.sy\/es\/index.php?rest_route=%2Fwp%2Fv2%2Fcategories&post=263289"},{"taxonomy":"post_tag","embeddable":true,"href":"https:\/\/archive.sana.sy\/es\/index.php?rest_route=%2Fwp%2Fv2%2Ftags&post=263289"}],"curies":[{"name":"wp","href":"https:\/\/api.w.org\/{rel}","templated":true}]}}