{"id":263292,"date":"2022-11-23T09:20:04","date_gmt":"2022-11-23T07:20:04","guid":{"rendered":"http:\/\/107.6.182.27\/es\/?p=263292"},"modified":"2022-11-25T18:14:52","modified_gmt":"2022-11-25T16:14:52","slug":"delegaciones-de-siria-e-iran-sostienen-encuentro-en-el-marco-de-la-19a-reunion-de-astana-sobre-siria","status":"publish","type":"post","link":"https:\/\/archive.sana.sy\/es\/?p=263292","title":{"rendered":"Delegaciones de Siria e Ir\u00e1n sostienen encuentro en el marco de la 19\u00aa Reuni\u00f3n de Astan\u00e1 sobre Siria"},"content":{"rendered":"<p style=\"text-align: justify;\"><span style=\"color: #800000;\"><strong>Astan\u00e1, 23 nov (SANA)\u00a0<\/strong><\/span> La delegaci\u00f3n siria encabezada por el ministro asistente de Exteriores y Expatriados, Ayman Susan, se reuni\u00f3 hoy con la delegaci\u00f3n iran\u00ed encabezada por el ministro adjunto de Relaciones Exteriores iran\u00ed para Asuntos Pol\u00edticos Especiales Ali Asghar Khaji.<\/p>\n<p style=\"text-align: justify;\">Este encuentro se efect\u00faa en el marco de la decimonovena Reuni\u00f3n Internacional de Astan\u00e1 sobre Siria que comenz\u00f3 la v\u00edspera en la capital kazaja, Astan\u00e1, y est\u00e1 previsto que concluya hoy.<\/p>\n<p style=\"text-align: justify;\">En este encuentro, participan las delegaciones de los pa\u00edses garantes del proceso de Astan\u00e1 \u2013 Rusia, Ir\u00e1n y Turqu\u00eda-, junto a la delegaci\u00f3n de la Rep\u00fablica \u00c1rabe Siria encabezada por el Aiman Susan, ministro asistente de Asuntos Exteriores y Expatriados.<\/p>\n<p style=\"text-align: justify;\">La delegaci\u00f3n rusa est\u00e1 encabezada por el enviado especial del presidente ruso a Siria, Alexander Lavrentiev, mientras la delegaci\u00f3n iran\u00ed est\u00e1 presidida por el viceministro de Asuntos Exteriores de Asuntos Pol\u00edticos Especiales de Ir\u00e1n, Ali Asghar Khaji.<\/p>\n<p style=\"text-align: justify;\">Asisten tambi\u00e9n representantes de la Oficina del Enviado Especial del Secretario General de las Naciones Unidas a Siria, la Oficina del Alto Comisionado de las Naciones Unidas para los Refugiados y el Comit\u00e9 Internacional de la Cruz Roja, adem\u00e1s de representantes de los pa\u00edses observadores del Proceso de Astan\u00e1 \u2013 L\u00edbano, Iraq y Jordania-, entre otras delegaciones.<\/p>\n<p style=\"text-align: justify;\">Desde su lanzamiento en 2017, el proceso de Astan\u00e1 presenci\u00f3 un total de 19 reuniones, incluidas dos en el balneario ruso de Sochi, en la costa del Mar Negro.<\/p>\n<p style=\"text-align: justify;\">fm\/ws<\/p>\n","protected":false},"excerpt":{"rendered":"<p>Astan\u00e1, 23 nov (SANA)\u00a0 La delegaci\u00f3n siria encabezada por el ministro asistente de Exteriores y Expatriados, Ayman Susan, se reuni\u00f3 hoy con la delegaci\u00f3n iran\u00ed encabezada por el ministro adjunto de Relaciones Exteriores iran\u00ed para Asuntos Pol\u00edticos Especiales Ali Asghar Khaji. Este encuentro se efect\u00faa en el marco de la decimonovena Reuni\u00f3n Internacional de Astan\u00e1 &hellip;<\/p>\n","protected":false},"author":35,"featured_media":263293,"comment_status":"closed","ping_status":"closed","sticky":false,"template":"","format":"standard","meta":{"footnotes":""},"categories":[597,20724,467,7541],"tags":[],"class_list":["post-263292","post","type-post","status-publish","format-standard","has-post-thumbnail","","category-cinta-de-noticias","category-minuto-a-minuto","category-siria-y-el-mundo","category-ultimas-noticias"],"_links":{"self":[{"href":"https:\/\/archive.sana.sy\/es\/index.php?rest_route=\/wp\/v2\/posts\/263292"}],"collection":[{"href":"https:\/\/archive.sana.sy\/es\/index.php?rest_route=\/wp\/v2\/posts"}],"about":[{"href":"https:\/\/archive.sana.sy\/es\/index.php?rest_route=\/wp\/v2\/types\/post"}],"author":[{"embeddable":true,"href":"https:\/\/archive.sana.sy\/es\/index.php?rest_route=\/wp\/v2\/users\/35"}],"replies":[{"embeddable":true,"href":"https:\/\/archive.sana.sy\/es\/index.php?rest_route=%2Fwp%2Fv2%2Fcomments&post=263292"}],"version-history":[{"count":0,"href":"https:\/\/archive.sana.sy\/es\/index.php?rest_route=\/wp\/v2\/posts\/263292\/revisions"}],"wp:featuredmedia":[{"embeddable":true,"href":"https:\/\/archive.sana.sy\/es\/index.php?rest_route=\/wp\/v2\/media\/263293"}],"wp:attachment":[{"href":"https:\/\/archive.sana.sy\/es\/index.php?rest_route=%2Fwp%2Fv2%2Fmedia&parent=263292"}],"wp:term":[{"taxonomy":"category","embeddable":true,"href":"https:\/\/archive.sana.sy\/es\/index.php?rest_route=%2Fwp%2Fv2%2Fcategories&post=263292"},{"taxonomy":"post_tag","embeddable":true,"href":"https:\/\/archive.sana.sy\/es\/index.php?rest_route=%2Fwp%2Fv2%2Ftags&post=263292"}],"curies":[{"name":"wp","href":"https:\/\/api.w.org\/{rel}","templated":true}]}}