{"id":263460,"date":"2022-11-24T08:31:02","date_gmt":"2022-11-24T06:31:02","guid":{"rendered":"http:\/\/107.6.182.27\/es\/?p=263460"},"modified":"2022-11-24T08:31:02","modified_gmt":"2022-11-24T06:31:02","slug":"vicecanciller-cubano-valora-excelentes-relaciones-con-siria-y-destaca-la-historia-de-lucha-comun","status":"publish","type":"post","link":"https:\/\/archive.sana.sy\/es\/?p=263460","title":{"rendered":"Vicecanciller cubano valora excelentes relaciones con Siria y destaca la historia de lucha com\u00fan"},"content":{"rendered":"<blockquote>\n<p style=\"text-align: justify;\"><strong>A su vez, el embajador Obeid expres\u00f3 su alto aprecio por las posturas de apoyo de Cuba a Siria, especialmente en los foros y organismos internacionales, y reiter\u00f3 el apoyo de Siria a la mayor de las Antillas en su enfrentamiento al injusto bloqueo estadounidense.<\/strong><\/p>\n<\/blockquote>\n<p style=\"text-align: justify;\"><span style=\"color: #800000;\"><strong>La Habana, 24 nov (SANA)\u00a0<\/strong><\/span> \u00a0 \u00a0El viceministro de Relaciones Exteriores de Cuba, Elio Rodr\u00edguez Perdomo, expres\u00f3 el orgullo de su pa\u00eds por las distinguidas relaciones con Siria, y destac\u00f3 que los dos pa\u00edses comparten una brillante historia de lucha conjunta contra el Imperialismo y por la defensa de los valores de igualdad y justicia.<\/p>\n<p style=\"text-align: justify;\">El vicecanciller de la isla manifest\u00f3 esta postura tras recibir una copia de las cartas credenciales del Dr. Ghassan Obeid, el embajador residente y plenipotenciario de Siria en Cuba.<\/p>\n<p style=\"text-align: justify;\">Perdomo dese\u00f3 al embajador \u00e9xito en su misi\u00f3n y expres\u00f3 la disposici\u00f3n del Ministerio de Relaciones Exteriores de brindarle las facilidades y el apoyo necesarios para el desempe\u00f1o de sus funciones.<\/p>\n<p style=\"text-align: justify;\">A su vez, el embajador Obeid expres\u00f3 su alto aprecio por las posturas de apoyo de Cuba a Siria, especialmente en los foros y organismos internacionales, y reiter\u00f3 el apoyo de Siria a la mayor de las Antillas en su enfrentamiento al injusto bloqueo estadounidense.<\/p>\n<p style=\"text-align: justify;\">Las dos partes subrayaron la fortaleza de las relaciones amistosas entre los dos pa\u00edses y su entusiasmo por desarrollar estas relaciones bilaterales en todos los campos.<\/p>\n<p style=\"text-align: justify;\">fm\/ed<\/p>\n","protected":false},"excerpt":{"rendered":"<p>A su vez, el embajador Obeid expres\u00f3 su alto aprecio por las posturas de apoyo de Cuba a Siria, especialmente en los foros y organismos internacionales, y reiter\u00f3 el apoyo de Siria a la mayor de las Antillas en su enfrentamiento al injusto bloqueo estadounidense. La Habana, 24 nov (SANA)\u00a0 \u00a0 \u00a0El viceministro de Relaciones &hellip;<\/p>\n","protected":false},"author":32,"featured_media":263461,"comment_status":"closed","ping_status":"closed","sticky":false,"template":"","format":"standard","meta":{"footnotes":""},"categories":[597,467,7541],"tags":[6868,12251,6553],"class_list":["post-263460","post","type-post","status-publish","format-standard","has-post-thumbnail","","category-cinta-de-noticias","category-siria-y-el-mundo","category-ultimas-noticias","tag-cuba","tag-la-habana","tag-siria"],"_links":{"self":[{"href":"https:\/\/archive.sana.sy\/es\/index.php?rest_route=\/wp\/v2\/posts\/263460"}],"collection":[{"href":"https:\/\/archive.sana.sy\/es\/index.php?rest_route=\/wp\/v2\/posts"}],"about":[{"href":"https:\/\/archive.sana.sy\/es\/index.php?rest_route=\/wp\/v2\/types\/post"}],"author":[{"embeddable":true,"href":"https:\/\/archive.sana.sy\/es\/index.php?rest_route=\/wp\/v2\/users\/32"}],"replies":[{"embeddable":true,"href":"https:\/\/archive.sana.sy\/es\/index.php?rest_route=%2Fwp%2Fv2%2Fcomments&post=263460"}],"version-history":[{"count":0,"href":"https:\/\/archive.sana.sy\/es\/index.php?rest_route=\/wp\/v2\/posts\/263460\/revisions"}],"wp:featuredmedia":[{"embeddable":true,"href":"https:\/\/archive.sana.sy\/es\/index.php?rest_route=\/wp\/v2\/media\/263461"}],"wp:attachment":[{"href":"https:\/\/archive.sana.sy\/es\/index.php?rest_route=%2Fwp%2Fv2%2Fmedia&parent=263460"}],"wp:term":[{"taxonomy":"category","embeddable":true,"href":"https:\/\/archive.sana.sy\/es\/index.php?rest_route=%2Fwp%2Fv2%2Fcategories&post=263460"},{"taxonomy":"post_tag","embeddable":true,"href":"https:\/\/archive.sana.sy\/es\/index.php?rest_route=%2Fwp%2Fv2%2Ftags&post=263460"}],"curies":[{"name":"wp","href":"https:\/\/api.w.org\/{rel}","templated":true}]}}