{"id":26349,"date":"2015-07-08T22:48:46","date_gmt":"2015-07-08T19:48:46","guid":{"rendered":"http:\/\/sana.sy\/es\/?p=26349"},"modified":"2015-07-08T22:48:46","modified_gmt":"2015-07-08T19:48:46","slug":"la-frontera-con-turquia-es-la-principal-via-de-yihadistas-que-van-a-siria","status":"publish","type":"post","link":"https:\/\/archive.sana.sy\/es\/?p=26349","title":{"rendered":"La frontera con Turqu\u00eda es la principal v\u00eda de yihadistas que van a Siria"},"content":{"rendered":"<p><span style=\"color: #800000\">Ankara-SANA<\/span><\/p>\n<p style=\"text-align: justify\">Militantes del grupo terrorista EI (Daesh) revelan su libre paso por la frontera turco-siria, sin que se les presente ning\u00fan inconveniente por la parte turca.<\/p>\n<p style=\"text-align: justify\">De acuerdo con un ciudadano turco miembro del EI, quien dijo \u201cComo el EI lucha contra el Partido de los Trabajadores del Kurdist\u00e1n (PKK), Turqu\u00eda no impone ning\u00fan obst\u00e1culo a la hora de trasladar de sus fuerzas a trav\u00e9s de las fronteras turco-sirias\u201d.<\/p>\n<p style=\"text-align: justify\">Seg\u00fan un informe del diario turco Bir G\u00fcn, publicado hoy, este elemento del EI, de 29 a\u00f1os de edad, considera que por esta misma raz\u00f3n no existe posibilidad de que esa banda terrorista atente contra el territorio turco, \u201cal EI no amenaza a Turqu\u00eda y esto es una realidad\u201d.<\/p>\n<p style=\"text-align: justify\">El militante del EI, asegura que se uni\u00f3 a las filas del EIIL en 2014, y hasta la fecha, lleva 9 meses con la banda terrorista en Siria e Irak, y ya ha entrado dos veces en Turqu\u00eda.<\/p>\n<p style=\"text-align: justify\">Conviene mencionar que, varios documentos demostraron la involucraci\u00f3n de la Inteligencia y las autoridades turcas en el tr\u00e1nsito de terroristas y el suministro de armas a los terroristas que luchan en Siria.<\/p>\n<p style=\"text-align: justify\">En el caso m\u00e1s reciente, el pasado 24 de junio, se publicaron fotos de almacenes del EI en la ciudad siria de Tal Abyad, que estaban llenos de medicamentos proporcionados por Turqu\u00eda.<\/p>\n<p>M.Miri<\/p>\n","protected":false},"excerpt":{"rendered":"<p>Ankara-SANA Militantes del grupo terrorista EI (Daesh) revelan su libre paso por la frontera turco-siria, sin que se les presente ning\u00fan inconveniente por la parte turca. De acuerdo con un ciudadano turco miembro del EI, quien dijo \u201cComo el EI lucha contra el Partido de los Trabajadores del Kurdist\u00e1n (PKK), Turqu\u00eda no impone ning\u00fan obst\u00e1culo &hellip;<\/p>\n","protected":false},"author":1,"featured_media":24388,"comment_status":"closed","ping_status":"closed","sticky":false,"template":"","format":"standard","meta":{"footnotes":""},"categories":[555],"tags":[5925],"class_list":["post-26349","post","type-post","status-publish","format-standard","has-post-thumbnail","","category-prensa","tag-la-frontera-con-turquia-es-la-principal-via-de-yihadistas-que-van-a-siria"],"_links":{"self":[{"href":"https:\/\/archive.sana.sy\/es\/index.php?rest_route=\/wp\/v2\/posts\/26349"}],"collection":[{"href":"https:\/\/archive.sana.sy\/es\/index.php?rest_route=\/wp\/v2\/posts"}],"about":[{"href":"https:\/\/archive.sana.sy\/es\/index.php?rest_route=\/wp\/v2\/types\/post"}],"author":[{"embeddable":true,"href":"https:\/\/archive.sana.sy\/es\/index.php?rest_route=\/wp\/v2\/users\/1"}],"replies":[{"embeddable":true,"href":"https:\/\/archive.sana.sy\/es\/index.php?rest_route=%2Fwp%2Fv2%2Fcomments&post=26349"}],"version-history":[{"count":0,"href":"https:\/\/archive.sana.sy\/es\/index.php?rest_route=\/wp\/v2\/posts\/26349\/revisions"}],"wp:featuredmedia":[{"embeddable":true,"href":"https:\/\/archive.sana.sy\/es\/index.php?rest_route=\/wp\/v2\/media\/24388"}],"wp:attachment":[{"href":"https:\/\/archive.sana.sy\/es\/index.php?rest_route=%2Fwp%2Fv2%2Fmedia&parent=26349"}],"wp:term":[{"taxonomy":"category","embeddable":true,"href":"https:\/\/archive.sana.sy\/es\/index.php?rest_route=%2Fwp%2Fv2%2Fcategories&post=26349"},{"taxonomy":"post_tag","embeddable":true,"href":"https:\/\/archive.sana.sy\/es\/index.php?rest_route=%2Fwp%2Fv2%2Ftags&post=26349"}],"curies":[{"name":"wp","href":"https:\/\/api.w.org\/{rel}","templated":true}]}}