{"id":26354,"date":"2015-07-09T12:11:53","date_gmt":"2015-07-09T09:11:53","guid":{"rendered":"http:\/\/www.sana.sy\/es\/?p=26354"},"modified":"2015-07-09T12:11:53","modified_gmt":"2015-07-09T09:11:53","slug":"mas-de-200-estadounidenses-se-unieron-o-intentaron-unirse-a-los-terroristas-en-siria","status":"publish","type":"post","link":"https:\/\/archive.sana.sy\/es\/?p=26354","title":{"rendered":"M\u00e1s de 200 estadounidenses se unieron o intentaron unirse a los terroristas en Siria"},"content":{"rendered":"<div><span lang=\"ES-TRAD\" style=\"color: #ff0000\">Washington, SANA<\/span><\/div>\n<div><\/div>\n<div><span lang=\"ES-TRAD\">El jefe de la Oficina Federal de Investigaciones FBI, James Komi, confirm\u00f3 que m\u00e1s de 200 ciudadanos norteamericanos se unieron o intentaron unirse a las organizaciones terroristas en Siria.<\/span><\/div>\n<div><\/div>\n<div><span lang=\"ES-TRAD\">Reuters cit\u00f3 a Komi diciendo ante los miembros de un comit\u00e9 selecto del Senado de Estados Unidos sobre asuntos de inteligencia, que &#8220;Washington seguir\u00e1 identificando a las personas que tratan de unirse a los combatientes extranjeros y tambi\u00e9n sigue vigilando a los extremistas locales que podr\u00edan atacar a los Estados Unidos desde el interior&#8221;.<\/span><\/div>\n<div><\/div>\n<div><span lang=\"ES-TRAD\">Cabe resaltar que la Oficina Federal de Investigaciones, FBI y el Departamento de Seguridad Nacional de los Estados Unidos hab\u00edan advertido en marzo pasado de la propagaci\u00f3n de las ideas extremistas y del creciente n\u00famero de estadounidenses que quieren unirse a la organizaci\u00f3n terrorista del Estado Isl\u00e1mico.<\/span><\/div>\n<div><\/div>\n<div><span lang=\"ES-TRAD\">A pesar de las continuas advertencias de los funcionarios estadounidenses sobre la amenaza del terrorismo, su administraci\u00f3n ha puesto en marcha un programa especial para entrenar y armar a los terroristas en Siria que le da el nombre de &#8220;oposici\u00f3n moderada&#8221;.<\/span><\/div>\n<div><\/div>\n<div><span style=\"color: #00ccff\">Fady M., Hala B.<\/span><\/div>\n<div class=\"yj6qo ajU\">\n<div id=\":u4\" class=\"ajR\"><img decoding=\"async\" class=\"ajT\" src=\"https:\/\/ssl.gstatic.com\/ui\/v1\/icons\/mail\/images\/cleardot.gif\" alt=\"\" \/><\/div>\n<\/div>\n","protected":false},"excerpt":{"rendered":"<p>Washington, SANA El jefe de la Oficina Federal de Investigaciones FBI, James Komi, confirm\u00f3 que m\u00e1s de 200 ciudadanos norteamericanos se unieron o intentaron unirse a las organizaciones terroristas en Siria. Reuters cit\u00f3 a Komi diciendo ante los miembros de un comit\u00e9 selecto del Senado de Estados Unidos sobre asuntos de inteligencia, que &#8220;Washington seguir\u00e1 &hellip;<\/p>\n","protected":false},"author":1,"featured_media":26355,"comment_status":"closed","ping_status":"closed","sticky":false,"template":"","format":"standard","meta":{"footnotes":""},"categories":[456,576],"tags":[5927],"class_list":["post-26354","post","type-post","status-publish","format-standard","has-post-thumbnail","","category-arabe-internacional-politica","category-noticias-politicas","tag-mas-de-200-estadounidenses-se-unieron-o-intentaron-unirse-a-los-terroristas-en-siria"],"_links":{"self":[{"href":"https:\/\/archive.sana.sy\/es\/index.php?rest_route=\/wp\/v2\/posts\/26354"}],"collection":[{"href":"https:\/\/archive.sana.sy\/es\/index.php?rest_route=\/wp\/v2\/posts"}],"about":[{"href":"https:\/\/archive.sana.sy\/es\/index.php?rest_route=\/wp\/v2\/types\/post"}],"author":[{"embeddable":true,"href":"https:\/\/archive.sana.sy\/es\/index.php?rest_route=\/wp\/v2\/users\/1"}],"replies":[{"embeddable":true,"href":"https:\/\/archive.sana.sy\/es\/index.php?rest_route=%2Fwp%2Fv2%2Fcomments&post=26354"}],"version-history":[{"count":0,"href":"https:\/\/archive.sana.sy\/es\/index.php?rest_route=\/wp\/v2\/posts\/26354\/revisions"}],"wp:featuredmedia":[{"embeddable":true,"href":"https:\/\/archive.sana.sy\/es\/index.php?rest_route=\/wp\/v2\/media\/26355"}],"wp:attachment":[{"href":"https:\/\/archive.sana.sy\/es\/index.php?rest_route=%2Fwp%2Fv2%2Fmedia&parent=26354"}],"wp:term":[{"taxonomy":"category","embeddable":true,"href":"https:\/\/archive.sana.sy\/es\/index.php?rest_route=%2Fwp%2Fv2%2Fcategories&post=26354"},{"taxonomy":"post_tag","embeddable":true,"href":"https:\/\/archive.sana.sy\/es\/index.php?rest_route=%2Fwp%2Fv2%2Ftags&post=26354"}],"curies":[{"name":"wp","href":"https:\/\/api.w.org\/{rel}","templated":true}]}}