{"id":263542,"date":"2022-11-24T17:59:00","date_gmt":"2022-11-24T15:59:00","guid":{"rendered":"http:\/\/107.6.182.27\/es\/?p=263542"},"modified":"2023-01-10T15:49:51","modified_gmt":"2023-01-10T13:49:51","slug":"ministro-italiano-15-paises-europeos-se-oponen-a-la-propuesta-de-poner-un-tope-a-los-precios-del-gas","status":"publish","type":"post","link":"https:\/\/archive.sana.sy\/es\/?p=263542","title":{"rendered":"Ministro italiano: 15 pa\u00edses europeos se oponen a la propuesta de poner un tope a los precios del gas"},"content":{"rendered":"<p><em><span style=\"color: #339966;\"><strong><a style=\"color: #339966;\" href=\"https:\/\/twitter.com\/Agencia_Sana\">S\u00edguenos por Twitter<\/a><\/strong><\/span><\/em><\/p>\n<p style=\"text-align: justify;\"><span style=\"color: #800000;\"><strong>Bruselas, 24 nov (SANA)<\/strong> <\/span>El ministro italiano de Medio Ambiente y Seguridad Energ\u00e9tica, Gilberto Becchetto Frattin, revel\u00f3 que 15 estados miembros de la Uni\u00f3n Europea se oponen a la propuesta de la Comisi\u00f3n Europea de fijar un tope en el precio del gas natural ruso.<\/p>\n<p style=\"text-align: justify;\">TASS cit\u00f3 a Fratin declarando despu\u00e9s de una reuni\u00f3n del Consejo de Ministros de Energ\u00eda de la Uni\u00f3n Europea, que los pa\u00edses cr\u00edticos con la propuesta de la Comisi\u00f3n Europea acordaron no unirse a la iniciativa presentada por la Comisi\u00f3n.<\/p>\n<p style=\"text-align: justify;\">La Comisi\u00f3n Europea intenta, a trav\u00e9s de una propuesta para fijar los precios del gas, contener la crisis de los precios de la energ\u00eda para hogares y empresas, que alcanz\u00f3 niveles r\u00e9cord en 2022, lo que agrav\u00f3 la inflaci\u00f3n.<\/p>\n<p style=\"text-align: justify;\">sm\/fm<\/p>\n","protected":false},"excerpt":{"rendered":"<p>S\u00edguenos por Twitter Bruselas, 24 nov (SANA) El ministro italiano de Medio Ambiente y Seguridad Energ\u00e9tica, Gilberto Becchetto Frattin, revel\u00f3 que 15 estados miembros de la Uni\u00f3n Europea se oponen a la propuesta de la Comisi\u00f3n Europea de fijar un tope en el precio del gas natural ruso. TASS cit\u00f3 a Fratin declarando despu\u00e9s de &hellip;<\/p>\n","protected":false},"author":39,"featured_media":263546,"comment_status":"closed","ping_status":"closed","sticky":false,"template":"","format":"standard","meta":{"footnotes":""},"categories":[597,16686,485,456,20724,7541],"tags":[21548,21550,21549],"class_list":["post-263542","post","type-post","status-publish","format-standard","has-post-thumbnail","","category-cinta-de-noticias","category-economia","category-informes-negocios-y-finanzas","category-arabe-internacional-politica","category-minuto-a-minuto","category-ultimas-noticias","tag-paises-europeos","tag-precios-del-gas","tag-se-oponen"],"_links":{"self":[{"href":"https:\/\/archive.sana.sy\/es\/index.php?rest_route=\/wp\/v2\/posts\/263542"}],"collection":[{"href":"https:\/\/archive.sana.sy\/es\/index.php?rest_route=\/wp\/v2\/posts"}],"about":[{"href":"https:\/\/archive.sana.sy\/es\/index.php?rest_route=\/wp\/v2\/types\/post"}],"author":[{"embeddable":true,"href":"https:\/\/archive.sana.sy\/es\/index.php?rest_route=\/wp\/v2\/users\/39"}],"replies":[{"embeddable":true,"href":"https:\/\/archive.sana.sy\/es\/index.php?rest_route=%2Fwp%2Fv2%2Fcomments&post=263542"}],"version-history":[{"count":0,"href":"https:\/\/archive.sana.sy\/es\/index.php?rest_route=\/wp\/v2\/posts\/263542\/revisions"}],"wp:featuredmedia":[{"embeddable":true,"href":"https:\/\/archive.sana.sy\/es\/index.php?rest_route=\/wp\/v2\/media\/263546"}],"wp:attachment":[{"href":"https:\/\/archive.sana.sy\/es\/index.php?rest_route=%2Fwp%2Fv2%2Fmedia&parent=263542"}],"wp:term":[{"taxonomy":"category","embeddable":true,"href":"https:\/\/archive.sana.sy\/es\/index.php?rest_route=%2Fwp%2Fv2%2Fcategories&post=263542"},{"taxonomy":"post_tag","embeddable":true,"href":"https:\/\/archive.sana.sy\/es\/index.php?rest_route=%2Fwp%2Fv2%2Ftags&post=263542"}],"curies":[{"name":"wp","href":"https:\/\/api.w.org\/{rel}","templated":true}]}}