{"id":26364,"date":"2015-07-09T15:21:21","date_gmt":"2015-07-09T12:21:21","guid":{"rendered":"http:\/\/www.sana.sy\/es\/?p=26364"},"modified":"2015-07-09T15:21:21","modified_gmt":"2015-07-09T12:21:21","slug":"fuerzas-iraquies-liberan-a-ocho-areas-en-anbar-y-eliminan-a-decenas-de-terroristas","status":"publish","type":"post","link":"https:\/\/archive.sana.sy\/es\/?p=26364","title":{"rendered":"Fuerzas iraqu\u00edes liberan a ocho \u00e1reas en Anbar y eliminan a decenas de terroristas"},"content":{"rendered":"<div><span lang=\"ES-TRAD\" style=\"color: #ff0000\">Bagdad, SANA<\/span><\/div>\n<div><\/div>\n<div><span lang=\"ES-TRAD\">Fuerzas iraqu\u00edes conjuntas lograron liberar a seis regiones en la provincia de Anbar de los terroristas del Estado Isl\u00e1mico, eliminando a decenas de Jihadistas.<\/span><\/div>\n<div><\/div>\n<div><span lang=\"ES-TRAD\">Una fuente en el Comando de Operaciones de Anbar inform\u00f3 que las fuerzas iraqu\u00edes eliminaron a 14 terroristas de las pandillas de la organizaci\u00f3n del Estado Isl\u00e1mico en las inmediaciones de la localidad de Karmeh.<\/span><\/div>\n<div><\/div>\n<div><span lang=\"ES-TRAD\">En el mismo contexto, fuerzas iraqu\u00edes conjuntas contin\u00faan sitiando las bandas terroristas en la ciudad de Faluya despu\u00e9s de cortar las principales rutas de suministro.<\/span><\/div>\n<div><\/div>\n<div><span lang=\"ES-TRAD\">Por otro lado, tropas iraqu\u00edes destruyeron a un centro importante para la formaci\u00f3n de los terroristas del EI mientras la fuerza a\u00e9rea iraqu\u00ed elimin\u00f3 a decenas terroristas en Kirkuk y otras zonas de Irak.<\/span><\/div>\n<div><\/div>\n<div><span style=\"color: #00ccff\">Fady M., Hala B.<\/span><\/div>\n<div class=\"yj6qo ajU\">\n<div id=\":yw\" class=\"ajR\"><img decoding=\"async\" class=\"ajT\" src=\"https:\/\/ssl.gstatic.com\/ui\/v1\/icons\/mail\/images\/cleardot.gif\" alt=\"\" \/><\/div>\n<\/div>\n","protected":false},"excerpt":{"rendered":"<p>Bagdad, SANA Fuerzas iraqu\u00edes conjuntas lograron liberar a seis regiones en la provincia de Anbar de los terroristas del Estado Isl\u00e1mico, eliminando a decenas de Jihadistas. Una fuente en el Comando de Operaciones de Anbar inform\u00f3 que las fuerzas iraqu\u00edes eliminaron a 14 terroristas de las pandillas de la organizaci\u00f3n del Estado Isl\u00e1mico en las &hellip;<\/p>\n","protected":false},"author":1,"featured_media":26365,"comment_status":"closed","ping_status":"closed","sticky":false,"template":"","format":"standard","meta":{"footnotes":""},"categories":[456,576],"tags":[5930],"class_list":["post-26364","post","type-post","status-publish","format-standard","has-post-thumbnail","","category-arabe-internacional-politica","category-noticias-politicas","tag-fuerzas-iraquies-liberan-a-ocho-areas-en-anbar-y-eliminan-a-decenas-de-terroristas"],"_links":{"self":[{"href":"https:\/\/archive.sana.sy\/es\/index.php?rest_route=\/wp\/v2\/posts\/26364"}],"collection":[{"href":"https:\/\/archive.sana.sy\/es\/index.php?rest_route=\/wp\/v2\/posts"}],"about":[{"href":"https:\/\/archive.sana.sy\/es\/index.php?rest_route=\/wp\/v2\/types\/post"}],"author":[{"embeddable":true,"href":"https:\/\/archive.sana.sy\/es\/index.php?rest_route=\/wp\/v2\/users\/1"}],"replies":[{"embeddable":true,"href":"https:\/\/archive.sana.sy\/es\/index.php?rest_route=%2Fwp%2Fv2%2Fcomments&post=26364"}],"version-history":[{"count":0,"href":"https:\/\/archive.sana.sy\/es\/index.php?rest_route=\/wp\/v2\/posts\/26364\/revisions"}],"wp:featuredmedia":[{"embeddable":true,"href":"https:\/\/archive.sana.sy\/es\/index.php?rest_route=\/wp\/v2\/media\/26365"}],"wp:attachment":[{"href":"https:\/\/archive.sana.sy\/es\/index.php?rest_route=%2Fwp%2Fv2%2Fmedia&parent=26364"}],"wp:term":[{"taxonomy":"category","embeddable":true,"href":"https:\/\/archive.sana.sy\/es\/index.php?rest_route=%2Fwp%2Fv2%2Fcategories&post=26364"},{"taxonomy":"post_tag","embeddable":true,"href":"https:\/\/archive.sana.sy\/es\/index.php?rest_route=%2Fwp%2Fv2%2Ftags&post=26364"}],"curies":[{"name":"wp","href":"https:\/\/api.w.org\/{rel}","templated":true}]}}