{"id":263688,"date":"2022-11-25T15:15:56","date_gmt":"2022-11-25T13:15:56","guid":{"rendered":"http:\/\/107.6.182.27\/es\/?p=263688"},"modified":"2022-11-25T20:57:36","modified_gmt":"2022-11-25T18:57:36","slug":"los-aviones-civiles-rusos-reanudan-sus-vuelos-a-siria-tras-12-anos-de-suspension","status":"publish","type":"post","link":"https:\/\/archive.sana.sy\/es\/?p=263688","title":{"rendered":"Los aviones civiles rusos reanudan sus vuelos a Siria tras 12 a\u00f1os de suspensi\u00f3n"},"content":{"rendered":"<p style=\"text-align: justify;\"><span style=\"color: #800000;\"><strong>Latakia, 25 nov (SANA)\u00a0 \u00a0<\/strong> <\/span>Despu\u00e9s de una suspensi\u00f3n que dur\u00f3 12 a\u00f1os debido a la guerra impuesta, el primer avi\u00f3n de pasajeros civil ruso aterriz\u00f3 hoy al Aeropuerto Internacional de Latakia.<\/p>\n<p style=\"text-align: justify;\">La reanudaci\u00f3n de los vuelos se logr\u00f3 gracias al apoyo de la Representaci\u00f3n Comercial de Rusia y el Ministerio de Transporte de Siria.<\/p>\n<p style=\"text-align: justify;\">El director del aeropuerto Ziyad Tawil, inform\u00f3 a SANA que el avi\u00f3n de aerol\u00ednea civil rusa \u201cCosmos\u201d despleg\u00f3 desde el aeropuerto de Makhochkala en la capital de la Rep\u00fablica Rusa de Daguest\u00e1n, y tendr\u00e1 una frecuencia de un vuelo por semana.<\/p>\n<p style=\"text-align: justify;\">Enfatiz\u00f3 la importancia de este vuelo porque muestra la recuperaci\u00f3n de la estabilidad y el regreso del tr\u00e1fico a\u00e9reo.<\/p>\n<p style=\"text-align: justify;\">Asimismo, el director de la entidad se\u00f1al\u00f3 que este vuelo es una invitaci\u00f3n a otras aerol\u00edneas que deseen realizar sus vuelos a trav\u00e9s de aeropuertos sirios.<\/p>\n<div id='gallery-1' class='gallery galleryid-263688 gallery-columns-1 gallery-size-full'><figure class='gallery-item'>\n\t\t\t<div class='gallery-icon landscape'>\n\t\t\t\t<a href='https:\/\/archive.sana.sy\/es\/?attachment_id=263690'><img loading=\"lazy\" decoding=\"async\" width=\"2560\" height=\"1530\" src=\"https:\/\/archive.sana.sy\/es\/wp-content\/uploads\/2022\/11\/20221125174915_IMG_7960-scaled.jpg\" class=\"attachment-full size-full\" alt=\"\" srcset=\"https:\/\/archive.sana.sy\/es\/wp-content\/uploads\/2022\/11\/20221125174915_IMG_7960-scaled.jpg 2560w, https:\/\/archive.sana.sy\/es\/wp-content\/uploads\/2022\/11\/20221125174915_IMG_7960-300x179.jpg 300w, https:\/\/archive.sana.sy\/es\/wp-content\/uploads\/2022\/11\/20221125174915_IMG_7960-1024x612.jpg 1024w, https:\/\/archive.sana.sy\/es\/wp-content\/uploads\/2022\/11\/20221125174915_IMG_7960-150x90.jpg 150w, https:\/\/archive.sana.sy\/es\/wp-content\/uploads\/2022\/11\/20221125174915_IMG_7960-768x459.jpg 768w, https:\/\/archive.sana.sy\/es\/wp-content\/uploads\/2022\/11\/20221125174915_IMG_7960-1536x918.jpg 1536w, https:\/\/archive.sana.sy\/es\/wp-content\/uploads\/2022\/11\/20221125174915_IMG_7960-2048x1224.jpg 2048w\" sizes=\"(max-width: 2560px) 100vw, 2560px\" \/><\/a>\n\t\t\t<\/div><\/figure><figure class='gallery-item'>\n\t\t\t<div class='gallery-icon landscape'>\n\t\t\t\t<a href='https:\/\/archive.sana.sy\/es\/?attachment_id=263691'><img loading=\"lazy\" decoding=\"async\" width=\"2560\" height=\"1544\" src=\"https:\/\/archive.sana.sy\/es\/wp-content\/uploads\/2022\/11\/20221125175046_IMG_7971-scaled.jpg\" class=\"attachment-full size-full\" alt=\"\" srcset=\"https:\/\/archive.sana.sy\/es\/wp-content\/uploads\/2022\/11\/20221125175046_IMG_7971-scaled.jpg 2560w, https:\/\/archive.sana.sy\/es\/wp-content\/uploads\/2022\/11\/20221125175046_IMG_7971-300x181.jpg 300w, https:\/\/archive.sana.sy\/es\/wp-content\/uploads\/2022\/11\/20221125175046_IMG_7971-1024x618.jpg 1024w, https:\/\/archive.sana.sy\/es\/wp-content\/uploads\/2022\/11\/20221125175046_IMG_7971-150x90.jpg 150w, https:\/\/archive.sana.sy\/es\/wp-content\/uploads\/2022\/11\/20221125175046_IMG_7971-768x463.jpg 768w, https:\/\/archive.sana.sy\/es\/wp-content\/uploads\/2022\/11\/20221125175046_IMG_7971-1536x926.jpg 1536w, https:\/\/archive.sana.sy\/es\/wp-content\/uploads\/2022\/11\/20221125175046_IMG_7971-2048x1235.jpg 2048w\" sizes=\"(max-width: 2560px) 100vw, 2560px\" \/><\/a>\n\t\t\t<\/div><\/figure>\n\t\t<\/div>\n\n<p style=\"text-align: justify;\">sm\/fm<\/p>\n","protected":false},"excerpt":{"rendered":"<p>Latakia, 25 nov (SANA)\u00a0 \u00a0 Despu\u00e9s de una suspensi\u00f3n que dur\u00f3 12 a\u00f1os debido a la guerra impuesta, el primer avi\u00f3n de pasajeros civil ruso aterriz\u00f3 hoy al Aeropuerto Internacional de Latakia. La reanudaci\u00f3n de los vuelos se logr\u00f3 gracias al apoyo de la Representaci\u00f3n Comercial de Rusia y el Ministerio de Transporte de Siria. &hellip;<\/p>\n","protected":false},"author":39,"featured_media":263689,"comment_status":"closed","ping_status":"closed","sticky":false,"template":"","format":"standard","meta":{"footnotes":""},"categories":[597,467,583],"tags":[21562,6553,21563],"class_list":["post-263688","post","type-post","status-publish","format-standard","has-post-thumbnail","","category-cinta-de-noticias","category-siria-y-el-mundo","category-slide","tag-aviones-civiles-rusos","tag-siria","tag-vuelos"],"_links":{"self":[{"href":"https:\/\/archive.sana.sy\/es\/index.php?rest_route=\/wp\/v2\/posts\/263688"}],"collection":[{"href":"https:\/\/archive.sana.sy\/es\/index.php?rest_route=\/wp\/v2\/posts"}],"about":[{"href":"https:\/\/archive.sana.sy\/es\/index.php?rest_route=\/wp\/v2\/types\/post"}],"author":[{"embeddable":true,"href":"https:\/\/archive.sana.sy\/es\/index.php?rest_route=\/wp\/v2\/users\/39"}],"replies":[{"embeddable":true,"href":"https:\/\/archive.sana.sy\/es\/index.php?rest_route=%2Fwp%2Fv2%2Fcomments&post=263688"}],"version-history":[{"count":0,"href":"https:\/\/archive.sana.sy\/es\/index.php?rest_route=\/wp\/v2\/posts\/263688\/revisions"}],"wp:featuredmedia":[{"embeddable":true,"href":"https:\/\/archive.sana.sy\/es\/index.php?rest_route=\/wp\/v2\/media\/263689"}],"wp:attachment":[{"href":"https:\/\/archive.sana.sy\/es\/index.php?rest_route=%2Fwp%2Fv2%2Fmedia&parent=263688"}],"wp:term":[{"taxonomy":"category","embeddable":true,"href":"https:\/\/archive.sana.sy\/es\/index.php?rest_route=%2Fwp%2Fv2%2Fcategories&post=263688"},{"taxonomy":"post_tag","embeddable":true,"href":"https:\/\/archive.sana.sy\/es\/index.php?rest_route=%2Fwp%2Fv2%2Ftags&post=263688"}],"curies":[{"name":"wp","href":"https:\/\/api.w.org\/{rel}","templated":true}]}}