{"id":263693,"date":"2022-11-25T16:23:29","date_gmt":"2022-11-25T14:23:29","guid":{"rendered":"http:\/\/107.6.182.27\/es\/?p=263693"},"modified":"2022-11-25T20:57:45","modified_gmt":"2022-11-25T18:57:45","slug":"siria-logra-dos-medallas-de-oro-en-el-campeonato-de-karate-de-asia-occidental","status":"publish","type":"post","link":"https:\/\/archive.sana.sy\/es\/?p=263693","title":{"rendered":"Siria logra dos medallas de oro en el Campeonato de K\u00e1rate de Asia Occidental"},"content":{"rendered":"<p style=\"text-align: justify;\"><span style=\"color: #800000;\"><strong>Abu Dabi, 25 nov (SANA)<\/strong> <\/span>Los karatecas sirios ganaron dos medallas de oro en el primer d\u00eda del Campeonato de Asia Occidental, que se est\u00e1 celebrando actualmente en los Emiratos \u00c1rabes Unidos.<\/p>\n<p style=\"text-align: justify;\">Participan en este torneo atletas de diferentes edades y categor\u00edas de Bahr\u00e9in, L\u00edbano, Sultanato de Om\u00e1n, Palestina, Kuwait, Iraq, Jordania, Yemen, Emiratos \u00c1rabes Unidos y Arabia Saud\u00ed, adem\u00e1s de Siria.<\/p>\n<p style=\"text-align: justify;\">Las dos medallas fueron conquistadas por Mar\u00eda Al-Halawi y Layal Salman, en la categor\u00eda Sub-14.<\/p>\n<p style=\"text-align: justify;\">En declaraciones a SANA, el jefe de la Uni\u00f3n siria de Karate, Jihad Mia, dijo que el equipo se prepar\u00f3 para el campeonato en un campo de entrenamiento en Damasco durante 10 d\u00edas.<\/p>\n<div id='gallery-1' class='gallery galleryid-263693 gallery-columns-1 gallery-size-full'><figure class='gallery-item'>\n\t\t\t<div class='gallery-icon landscape'>\n\t\t\t\t<a href='https:\/\/archive.sana.sy\/es\/?attachment_id=263695'><img loading=\"lazy\" decoding=\"async\" width=\"2560\" height=\"1536\" src=\"https:\/\/archive.sana.sy\/es\/wp-content\/uploads\/2022\/11\/photo_2022-11-25_15-04-34-scaled.jpg\" class=\"attachment-full size-full\" alt=\"\" srcset=\"https:\/\/archive.sana.sy\/es\/wp-content\/uploads\/2022\/11\/photo_2022-11-25_15-04-34-scaled.jpg 2560w, https:\/\/archive.sana.sy\/es\/wp-content\/uploads\/2022\/11\/photo_2022-11-25_15-04-34-300x180.jpg 300w, https:\/\/archive.sana.sy\/es\/wp-content\/uploads\/2022\/11\/photo_2022-11-25_15-04-34-1024x614.jpg 1024w, https:\/\/archive.sana.sy\/es\/wp-content\/uploads\/2022\/11\/photo_2022-11-25_15-04-34-150x90.jpg 150w, https:\/\/archive.sana.sy\/es\/wp-content\/uploads\/2022\/11\/photo_2022-11-25_15-04-34-768x461.jpg 768w, https:\/\/archive.sana.sy\/es\/wp-content\/uploads\/2022\/11\/photo_2022-11-25_15-04-34-1536x922.jpg 1536w, https:\/\/archive.sana.sy\/es\/wp-content\/uploads\/2022\/11\/photo_2022-11-25_15-04-34-2048x1229.jpg 2048w\" sizes=\"(max-width: 2560px) 100vw, 2560px\" \/><\/a>\n\t\t\t<\/div><\/figure><figure class='gallery-item'>\n\t\t\t<div class='gallery-icon landscape'>\n\t\t\t\t<a href='https:\/\/archive.sana.sy\/es\/?attachment_id=263696'><img loading=\"lazy\" decoding=\"async\" width=\"2560\" height=\"1454\" src=\"https:\/\/archive.sana.sy\/es\/wp-content\/uploads\/2022\/11\/photo_2022-11-25_15-04-50-scaled.jpg\" class=\"attachment-full size-full\" alt=\"\" srcset=\"https:\/\/archive.sana.sy\/es\/wp-content\/uploads\/2022\/11\/photo_2022-11-25_15-04-50-scaled.jpg 2560w, https:\/\/archive.sana.sy\/es\/wp-content\/uploads\/2022\/11\/photo_2022-11-25_15-04-50-300x170.jpg 300w, https:\/\/archive.sana.sy\/es\/wp-content\/uploads\/2022\/11\/photo_2022-11-25_15-04-50-1024x582.jpg 1024w, https:\/\/archive.sana.sy\/es\/wp-content\/uploads\/2022\/11\/photo_2022-11-25_15-04-50-150x85.jpg 150w, https:\/\/archive.sana.sy\/es\/wp-content\/uploads\/2022\/11\/photo_2022-11-25_15-04-50-768x436.jpg 768w, https:\/\/archive.sana.sy\/es\/wp-content\/uploads\/2022\/11\/photo_2022-11-25_15-04-50-1536x873.jpg 1536w, https:\/\/archive.sana.sy\/es\/wp-content\/uploads\/2022\/11\/photo_2022-11-25_15-04-50-2048x1164.jpg 2048w\" sizes=\"(max-width: 2560px) 100vw, 2560px\" \/><\/a>\n\t\t\t<\/div><\/figure>\n\t\t<\/div>\n\n<p style=\"text-align: justify;\">fm\/sm<\/p>\n","protected":false},"excerpt":{"rendered":"<p>Abu Dabi, 25 nov (SANA) Los karatecas sirios ganaron dos medallas de oro en el primer d\u00eda del Campeonato de Asia Occidental, que se est\u00e1 celebrando actualmente en los Emiratos \u00c1rabes Unidos. Participan en este torneo atletas de diferentes edades y categor\u00edas de Bahr\u00e9in, L\u00edbano, Sultanato de Om\u00e1n, Palestina, Kuwait, Iraq, Jordania, Yemen, Emiratos \u00c1rabes &hellip;<\/p>\n","protected":false},"author":39,"featured_media":263694,"comment_status":"closed","ping_status":"closed","sticky":false,"template":"","format":"standard","meta":{"footnotes":""},"categories":[597,494,20724,467],"tags":[20147,21565,21564,6553],"class_list":["post-263693","post","type-post","status-publish","format-standard","has-post-thumbnail","","category-cinta-de-noticias","category-deportes","category-minuto-a-minuto","category-siria-y-el-mundo","tag-asia-occidental","tag-campeonato-de-karate","tag-medallas-de-oro","tag-siria"],"_links":{"self":[{"href":"https:\/\/archive.sana.sy\/es\/index.php?rest_route=\/wp\/v2\/posts\/263693"}],"collection":[{"href":"https:\/\/archive.sana.sy\/es\/index.php?rest_route=\/wp\/v2\/posts"}],"about":[{"href":"https:\/\/archive.sana.sy\/es\/index.php?rest_route=\/wp\/v2\/types\/post"}],"author":[{"embeddable":true,"href":"https:\/\/archive.sana.sy\/es\/index.php?rest_route=\/wp\/v2\/users\/39"}],"replies":[{"embeddable":true,"href":"https:\/\/archive.sana.sy\/es\/index.php?rest_route=%2Fwp%2Fv2%2Fcomments&post=263693"}],"version-history":[{"count":0,"href":"https:\/\/archive.sana.sy\/es\/index.php?rest_route=\/wp\/v2\/posts\/263693\/revisions"}],"wp:featuredmedia":[{"embeddable":true,"href":"https:\/\/archive.sana.sy\/es\/index.php?rest_route=\/wp\/v2\/media\/263694"}],"wp:attachment":[{"href":"https:\/\/archive.sana.sy\/es\/index.php?rest_route=%2Fwp%2Fv2%2Fmedia&parent=263693"}],"wp:term":[{"taxonomy":"category","embeddable":true,"href":"https:\/\/archive.sana.sy\/es\/index.php?rest_route=%2Fwp%2Fv2%2Fcategories&post=263693"},{"taxonomy":"post_tag","embeddable":true,"href":"https:\/\/archive.sana.sy\/es\/index.php?rest_route=%2Fwp%2Fv2%2Ftags&post=263693"}],"curies":[{"name":"wp","href":"https:\/\/api.w.org\/{rel}","templated":true}]}}