{"id":26376,"date":"2015-07-09T17:48:27","date_gmt":"2015-07-09T14:48:27","guid":{"rendered":"http:\/\/sana.sy\/es\/?p=26376"},"modified":"2023-01-10T15:29:07","modified_gmt":"2023-01-10T13:29:07","slug":"primer-ministro-encabeza-una-reunion-destinado-a-debatir-la-importacion-de-los-farmacos","status":"publish","type":"post","link":"https:\/\/archive.sana.sy\/es\/?p=26376","title":{"rendered":"Primer Ministro encabeza una reuni\u00f3n destinada a debatir la importaci\u00f3n de los f\u00e1rmacos"},"content":{"rendered":"<p><span style=\"color: #800000\">Damasco, SANA<\/span><\/p>\n<p>El primer ministro Wael al-Halqui encabez\u00f3 este jueves una reuni\u00f3n extraordinaria para debatir la importaci\u00f3n de los medicamentos a la luz de un mecanismo unificado adoptado por el gobierno a este efecto.<\/p>\n<p>La reuni\u00f3n cont\u00f3 con la asistencia de los ministros del Estado para Asuntos Presidenciales, de Ense\u00f1anza Superior, de Econom\u00eda y Comercio Exterior, de Salud, adem\u00e1s de algunos asesores de ministros y el Director de la Direcci\u00f3n de Servicios M\u00e9dicos en los Ministerios de Defensa y del Interior.<\/p>\n<p>El jefe del Gabinete se\u00f1al\u00f3 que este mecanismo funcionar\u00eda como &#8220;un proyecto de reforma administrativa&#8221; con dimensiones econ\u00f3micas, ya que el mismo est\u00e1 destinado a reducir tanto la corrupci\u00f3n administrativa como la econ\u00f3mica y financiera.<\/p>\n<p>Tambi\u00e9n agreg\u00f3 que el mismo ayudar\u00eda a prevenir que las empresas farmac\u00e9uticas busquen el lucro personal, y a aplicar un control sobre los precios de los f\u00e1rmacos.<\/p>\n<p>Este mecanismo tambi\u00e9n ser\u00eda \u00fatil para la racionalizaci\u00f3n del gasto y la importaci\u00f3n, por lo tanto el control de la divisa que sale del pa\u00eds, adem\u00e1s de romper los monopolios de ciertos medicamentos por parte de algunos almacenes privados.<br \/>\nAl-Halaqui asegur\u00f3 que los medicamentos importados son de alta calidad y credibilidad.<\/p>\n<p>El Primer Ministro afirm\u00f3 que el gobierno est\u00e1 haciendo todo lo posible para lograr la seguridad farmac\u00e9utica a trav\u00e9s de respaldar las f\u00e1bricas farmac\u00e9uticas locales y la importaci\u00f3n de medicamentos no fabricados localmente de los pa\u00edses amigos tales como Rusia, China, Ir\u00e1n, Cuba, India, Bielorrusia, Corea Democr\u00e1tica, Venezuela, Argentina y el grupo BRICS.<\/p>\n<p>La industria farmac\u00e9utica siria logr\u00f3 una buena reputaci\u00f3n antes de la guerra terrorista librada contra Siria desde el a\u00f1o 2011.<\/p>\n<p>La misma cubr\u00eda antes de la crisis el 93% de las necesidades del mercado local, de 8,000 tipos de medicamentos a trav\u00e9s de 72 f\u00e1bricas en las cuales trabajaban al menos 25,000 empleados. Los medicamentos sirios tambi\u00e9n se exportan a unos 57 pa\u00edses.<\/p>\n<p>Los medicamentos fabricados en el pa\u00eds ahora cubren s\u00f3lo el 89% de las necesidades del mercado local puesto que el sector de salud junto con sus f\u00e1bricas farmac\u00e9uticas e instalaciones sanitarias se ven blanco de sistematizados ataques por parte de las organizaciones terroristas.<\/p>\n<p>&nbsp;<\/p>\n<p>Lynn A.<\/p>\n","protected":false},"excerpt":{"rendered":"<p>Damasco, SANA El primer ministro Wael al-Halqui encabez\u00f3 este jueves una reuni\u00f3n extraordinaria para debatir la importaci\u00f3n de los medicamentos a la luz de un mecanismo unificado adoptado por el gobierno a este efecto. La reuni\u00f3n cont\u00f3 con la asistencia de los ministros del Estado para Asuntos Presidenciales, de Ense\u00f1anza Superior, de Econom\u00eda y Comercio &hellip;<\/p>\n","protected":false},"author":24,"featured_media":26377,"comment_status":"closed","ping_status":"closed","sticky":false,"template":"","format":"standard","meta":{"footnotes":""},"categories":[447,477,485,476],"tags":[5968],"class_list":["post-26376","post","type-post","status-publish","format-standard","has-post-thumbnail","","category-local-politica","category-noticias-edulcorantes","category-informes-negocios-y-finanzas","category-locales","tag-primer-ministro-encabeza-una-reunion-destinada-a-debatir-la-importacion-de-los-farmacos"],"_links":{"self":[{"href":"https:\/\/archive.sana.sy\/es\/index.php?rest_route=\/wp\/v2\/posts\/26376"}],"collection":[{"href":"https:\/\/archive.sana.sy\/es\/index.php?rest_route=\/wp\/v2\/posts"}],"about":[{"href":"https:\/\/archive.sana.sy\/es\/index.php?rest_route=\/wp\/v2\/types\/post"}],"author":[{"embeddable":true,"href":"https:\/\/archive.sana.sy\/es\/index.php?rest_route=\/wp\/v2\/users\/24"}],"replies":[{"embeddable":true,"href":"https:\/\/archive.sana.sy\/es\/index.php?rest_route=%2Fwp%2Fv2%2Fcomments&post=26376"}],"version-history":[{"count":0,"href":"https:\/\/archive.sana.sy\/es\/index.php?rest_route=\/wp\/v2\/posts\/26376\/revisions"}],"wp:featuredmedia":[{"embeddable":true,"href":"https:\/\/archive.sana.sy\/es\/index.php?rest_route=\/wp\/v2\/media\/26377"}],"wp:attachment":[{"href":"https:\/\/archive.sana.sy\/es\/index.php?rest_route=%2Fwp%2Fv2%2Fmedia&parent=26376"}],"wp:term":[{"taxonomy":"category","embeddable":true,"href":"https:\/\/archive.sana.sy\/es\/index.php?rest_route=%2Fwp%2Fv2%2Fcategories&post=26376"},{"taxonomy":"post_tag","embeddable":true,"href":"https:\/\/archive.sana.sy\/es\/index.php?rest_route=%2Fwp%2Fv2%2Ftags&post=26376"}],"curies":[{"name":"wp","href":"https:\/\/api.w.org\/{rel}","templated":true}]}}