{"id":263769,"date":"2022-11-26T12:49:20","date_gmt":"2022-11-26T10:49:20","guid":{"rendered":"http:\/\/107.6.182.27\/es\/?p=263769"},"modified":"2023-01-10T15:49:47","modified_gmt":"2023-01-10T13:49:47","slug":"sin-la-ayuda-financiera-y-militar-de-occidente-las-autoridades-de-kiev-no-durarian-ni-un-solo-dia-afirma-zajarova","status":"publish","type":"post","link":"https:\/\/archive.sana.sy\/es\/?p=263769","title":{"rendered":"Sin la ayuda financiera y militar de Occidente, las autoridades de Kiev no durar\u00edan ni un solo d\u00eda, afirma Zaj\u00e1rova."},"content":{"rendered":"<p style=\"text-align: justify;\"><span style=\"color: #800000;\"><strong>Mosc\u00fa, 26 nov (SANA)\u00a0<\/strong> <\/span>\u00a0La portavoz del Ministerio de Asuntos Exteriores ruso, Mar\u00eda Zaj\u00e1rova, dijo hoy que cada vez hay m\u00e1s indicios de que en Ucrania se est\u00e1 produciendo un enfrentamiento entre Rusia y la Organizaci\u00f3n del Tratado del Atl\u00e1ntico Norte (OTAN); crece el n\u00famero de especialistas de la Alianza que participan en el conflicto del lado de Kiev, afirm\u00f3.<\/p>\n<p style=\"text-align: justify;\">Agreg\u00f3 que el Ej\u00e9rcito ucraniano lleva mucho tiempo dependiendo completamente de los suministros de armas, inteligencia, instructores y mercenarios occidentales.<\/p>\n<p style=\"text-align: justify;\">Aumenta el n\u00famero de especialistas militares de los pa\u00edses de la Alianza que combaten en una docena de empresas militares privadas y en las Fuerzas Armadas ucranianas, explic\u00f3 la vocera citada por el canal de telegram de la Canciller\u00eda rusa.<\/p>\n<p style=\"text-align: justify;\">Asimismo, repudi\u00f3 que el r\u00e9gimen del presidente ucraniano Vlad\u00edmir Zelenski no duda en cumplir todo lo que le dicta Occidente, en concreto, seguir combatiendo hasta el final victorioso y hasta el \u00faltimo ucraniano.<\/p>\n<p style=\"text-align: justify;\">&#8220;\u00c9l est\u00e1 dispuesto a sacrificar la vida y el destino de sus ciudadanos para que no cese la ayuda financiera y militar, sin la cual las autoridades de Kiev no durar\u00edan ni un d\u00eda&#8221;, aclar\u00f3 .<\/p>\n<p style=\"text-align: justify;\">fm\/sm<\/p>\n","protected":false},"excerpt":{"rendered":"<p>Mosc\u00fa, 26 nov (SANA)\u00a0 \u00a0La portavoz del Ministerio de Asuntos Exteriores ruso, Mar\u00eda Zaj\u00e1rova, dijo hoy que cada vez hay m\u00e1s indicios de que en Ucrania se est\u00e1 produciendo un enfrentamiento entre Rusia y la Organizaci\u00f3n del Tratado del Atl\u00e1ntico Norte (OTAN); crece el n\u00famero de especialistas de la Alianza que participan en el conflicto &hellip;<\/p>\n","protected":false},"author":39,"featured_media":263770,"comment_status":"closed","ping_status":"closed","sticky":false,"template":"","format":"standard","meta":{"footnotes":""},"categories":[597,456,20724,7541],"tags":[19663,20281,19865,9117],"class_list":["post-263769","post","type-post","status-publish","format-standard","has-post-thumbnail","","category-cinta-de-noticias","category-arabe-internacional-politica","category-minuto-a-minuto","category-ultimas-noticias","tag-ayuda","tag-kiev","tag-occidente","tag-zajarova"],"_links":{"self":[{"href":"https:\/\/archive.sana.sy\/es\/index.php?rest_route=\/wp\/v2\/posts\/263769"}],"collection":[{"href":"https:\/\/archive.sana.sy\/es\/index.php?rest_route=\/wp\/v2\/posts"}],"about":[{"href":"https:\/\/archive.sana.sy\/es\/index.php?rest_route=\/wp\/v2\/types\/post"}],"author":[{"embeddable":true,"href":"https:\/\/archive.sana.sy\/es\/index.php?rest_route=\/wp\/v2\/users\/39"}],"replies":[{"embeddable":true,"href":"https:\/\/archive.sana.sy\/es\/index.php?rest_route=%2Fwp%2Fv2%2Fcomments&post=263769"}],"version-history":[{"count":0,"href":"https:\/\/archive.sana.sy\/es\/index.php?rest_route=\/wp\/v2\/posts\/263769\/revisions"}],"wp:featuredmedia":[{"embeddable":true,"href":"https:\/\/archive.sana.sy\/es\/index.php?rest_route=\/wp\/v2\/media\/263770"}],"wp:attachment":[{"href":"https:\/\/archive.sana.sy\/es\/index.php?rest_route=%2Fwp%2Fv2%2Fmedia&parent=263769"}],"wp:term":[{"taxonomy":"category","embeddable":true,"href":"https:\/\/archive.sana.sy\/es\/index.php?rest_route=%2Fwp%2Fv2%2Fcategories&post=263769"},{"taxonomy":"post_tag","embeddable":true,"href":"https:\/\/archive.sana.sy\/es\/index.php?rest_route=%2Fwp%2Fv2%2Ftags&post=263769"}],"curies":[{"name":"wp","href":"https:\/\/api.w.org\/{rel}","templated":true}]}}