{"id":263772,"date":"2022-11-26T13:51:27","date_gmt":"2022-11-26T11:51:27","guid":{"rendered":"http:\/\/107.6.182.27\/es\/?p=263772"},"modified":"2022-11-26T13:54:03","modified_gmt":"2022-11-26T11:54:03","slug":"fuerzas-turcas-continuan-sus-bombardeos-contra-las-provincias-sirias-de-raqa-y-hasakeh","status":"publish","type":"post","link":"https:\/\/archive.sana.sy\/es\/?p=263772","title":{"rendered":"Fuerzas turcas contin\u00faan sus bombardeos contra las provincias sirias de Raqa y Hasakeh"},"content":{"rendered":"<blockquote>\n<p style=\"text-align: justify;\"><span style=\"color: #800000;\"><strong>En la gobernaci\u00f3n de Raqa, activistas locales informaron a SANA que los militares del r\u00e9gimen turco y sus mercenarios terroristas atacaron con varios proyectiles la aldea de al-Houshan en el \u00e1rea de Tal Abyad as\u00ed como las cercan\u00edas de la carretera M-4, lo que ocasion\u00f3 da\u00f1os materiales.<\/strong><\/span><\/p>\n<\/blockquote>\n<p style=\"text-align: justify;\"><strong>Raqa- Hasakeh, 26 nov (SANA)<\/strong> Las fuerzas turcas reanudaron sus ataques contra los pueblos y ciudades aleda\u00f1as a las \u00e1reas donde est\u00e1n desplegadas ilegalmente, en las provincia de Raqa y Hasakeh.<\/p>\n<p style=\"text-align: justify;\">Activistas locales informaron a SANA que varios proyectiles de artiller\u00eda y mortero disparados por las tropas del ocupante turco y sus mercenarios, impactaron contra las aldeas de Al-Zuhairiya y Kharab Rishk en el \u00e1rea de al-Malikiyah, en el norte de la provincia de Hasakeh.<\/p>\n<p style=\"text-align: justify;\">Asimismo, uno de los proyectiles cay\u00f3 cerca del cruce fronterizo de Simalka, lo que provoc\u00f3 da\u00f1os materiales en las viviendas y propiedades.<\/p>\n<p style=\"text-align: justify;\">En la gobernaci\u00f3n de Raqa, activistas locales informaron a SANA que los militares del r\u00e9gimen turco y sus mercenarios terroristas atacaron con varios proyectiles la aldea de al-Houshan en el \u00e1rea de Tal Abyad as\u00ed como las cercan\u00edas de la carretera M-4, lo que ocasion\u00f3 da\u00f1os materiales.<\/p>\n<p style=\"text-align: justify;\">sm\/fm<\/p>\n","protected":false},"excerpt":{"rendered":"<p>En la gobernaci\u00f3n de Raqa, activistas locales informaron a SANA que los militares del r\u00e9gimen turco y sus mercenarios terroristas atacaron con varios proyectiles la aldea de al-Houshan en el \u00e1rea de Tal Abyad as\u00ed como las cercan\u00edas de la carretera M-4, lo que ocasion\u00f3 da\u00f1os materiales. Raqa- Hasakeh, 26 nov (SANA) Las fuerzas turcas &hellip;<\/p>\n","protected":false},"author":39,"featured_media":263775,"comment_status":"closed","ping_status":"closed","sticky":false,"template":"","format":"standard","meta":{"footnotes":""},"categories":[477,597,573,476,583],"tags":[20300,21576,16841,19888],"class_list":["post-263772","post","type-post","status-publish","format-standard","has-post-thumbnail","","category-noticias-edulcorantes","category-cinta-de-noticias","category-la-realidad-de-los-acontecimientos-en-siria","category-locales","category-slide","tag-bombardeos","tag-fuerzas-turcas","tag-hasakeh","tag-raqa"],"_links":{"self":[{"href":"https:\/\/archive.sana.sy\/es\/index.php?rest_route=\/wp\/v2\/posts\/263772"}],"collection":[{"href":"https:\/\/archive.sana.sy\/es\/index.php?rest_route=\/wp\/v2\/posts"}],"about":[{"href":"https:\/\/archive.sana.sy\/es\/index.php?rest_route=\/wp\/v2\/types\/post"}],"author":[{"embeddable":true,"href":"https:\/\/archive.sana.sy\/es\/index.php?rest_route=\/wp\/v2\/users\/39"}],"replies":[{"embeddable":true,"href":"https:\/\/archive.sana.sy\/es\/index.php?rest_route=%2Fwp%2Fv2%2Fcomments&post=263772"}],"version-history":[{"count":0,"href":"https:\/\/archive.sana.sy\/es\/index.php?rest_route=\/wp\/v2\/posts\/263772\/revisions"}],"wp:featuredmedia":[{"embeddable":true,"href":"https:\/\/archive.sana.sy\/es\/index.php?rest_route=\/wp\/v2\/media\/263775"}],"wp:attachment":[{"href":"https:\/\/archive.sana.sy\/es\/index.php?rest_route=%2Fwp%2Fv2%2Fmedia&parent=263772"}],"wp:term":[{"taxonomy":"category","embeddable":true,"href":"https:\/\/archive.sana.sy\/es\/index.php?rest_route=%2Fwp%2Fv2%2Fcategories&post=263772"},{"taxonomy":"post_tag","embeddable":true,"href":"https:\/\/archive.sana.sy\/es\/index.php?rest_route=%2Fwp%2Fv2%2Ftags&post=263772"}],"curies":[{"name":"wp","href":"https:\/\/api.w.org\/{rel}","templated":true}]}}