{"id":2638,"date":"2014-06-10T13:44:27","date_gmt":"2014-06-10T10:44:27","guid":{"rendered":"http:\/\/sanasyria.org\/es\/?p=2638"},"modified":"2014-06-10T13:44:27","modified_gmt":"2014-06-10T10:44:27","slug":"consejo-islamico-de-los-chiitas-ismaelies-los-sirios-eligieron-a-un-presidente-capaz-de-lograr-sus-esperanzas","status":"publish","type":"post","link":"https:\/\/archive.sana.sy\/es\/?p=2638","title":{"rendered":"Consejo Isl\u00e1mico de los chi\u00edtas ismael\u00edes: los sirios eligieron a un presidente capaz de lograr sus esperanzas"},"content":{"rendered":"<p style=\"color: #000000;\" align=\"justify\"><span style=\"color: #800000; font-family: Verdana; font-size: medium;\">Damasco, SANA<\/span><\/p>\n<p style=\"color: #000000;\" align=\"justify\"><span style=\"font-family: Verdana; font-size: medium;\">El Consejo Isl\u00e1mico de los chi\u00edtas ismael\u00edes consider\u00f3 que &#8220;los sirios son capaces de practicar la democracia constructiva y preservar y reconstruir a Siria, y ellos eligieron a un presidente nacional capaz de lograr las esperanzas de todos.<\/span><\/p>\n<p style=\"color: #000000;\" align=\"justify\"><span style=\"font-family: Verdana; font-size: medium;\">El Consejo tom\u00f3 nota de que &#8220;la elecci\u00f3n del Dr. Bashar al-Assad como presidente de Siria en esta etapa, muestra que Siria necesita un esfuerzo excepcional por parte de todo el mundo a fin de desarrollarla sobre la base del amor, la reconciliaci\u00f3n, la ciencia, la cultura, la justicia y la igualdad&#8221;.<\/span><\/p>\n<p style=\"color: #000000;\" align=\"justify\"><span style=\"font-family: Verdana; font-size: medium;\">Tambi\u00e9n, enfatiz\u00f3 en la necesidad de &#8220;trabajar juntos para lograr un cambio en beneficio de la naci\u00f3n y de los ciudadanos, porque el pa\u00eds no se construye ni prospera bas\u00e1ndose en una \u00fanica capa o de un grupo, sino que depende de la integridad de la obra de cada uno en la sociedad.&#8221;<\/span><\/p>\n<p style=\"color: #000000;\" align=\"justify\"><span style=\"color: #0000ff; font-family: Verdana; font-size: medium;\">Fady M., Hala B.<\/span><\/p>\n","protected":false},"excerpt":{"rendered":"<p>Damasco, SANA El Consejo Isl\u00e1mico de los chi\u00edtas ismael\u00edes consider\u00f3 que &#8220;los sirios son capaces de practicar la democracia constructiva y preservar y reconstruir a Siria, y ellos eligieron a un presidente nacional capaz de lograr las esperanzas de todos. El Consejo tom\u00f3 nota de que &#8220;la elecci\u00f3n del Dr. Bashar al-Assad como presidente de &hellip;<\/p>\n","protected":false},"author":2,"featured_media":2639,"comment_status":"closed","ping_status":"closed","sticky":false,"template":"","format":"standard","meta":{"footnotes":""},"categories":[447,458],"tags":[586],"class_list":["post-2638","post","type-post","status-publish","format-standard","has-post-thumbnail","","category-local-politica","category-informes-arabe-internacional-politica","tag-consejo-islamico-de-los-chiitas-ismaelies-los-sirios-eligieron-a-un-presidente-capaz-de-lograr-sus-esperanzas"],"_links":{"self":[{"href":"https:\/\/archive.sana.sy\/es\/index.php?rest_route=\/wp\/v2\/posts\/2638"}],"collection":[{"href":"https:\/\/archive.sana.sy\/es\/index.php?rest_route=\/wp\/v2\/posts"}],"about":[{"href":"https:\/\/archive.sana.sy\/es\/index.php?rest_route=\/wp\/v2\/types\/post"}],"author":[{"embeddable":true,"href":"https:\/\/archive.sana.sy\/es\/index.php?rest_route=\/wp\/v2\/users\/2"}],"replies":[{"embeddable":true,"href":"https:\/\/archive.sana.sy\/es\/index.php?rest_route=%2Fwp%2Fv2%2Fcomments&post=2638"}],"version-history":[{"count":0,"href":"https:\/\/archive.sana.sy\/es\/index.php?rest_route=\/wp\/v2\/posts\/2638\/revisions"}],"wp:featuredmedia":[{"embeddable":true,"href":"https:\/\/archive.sana.sy\/es\/index.php?rest_route=\/wp\/v2\/media\/2639"}],"wp:attachment":[{"href":"https:\/\/archive.sana.sy\/es\/index.php?rest_route=%2Fwp%2Fv2%2Fmedia&parent=2638"}],"wp:term":[{"taxonomy":"category","embeddable":true,"href":"https:\/\/archive.sana.sy\/es\/index.php?rest_route=%2Fwp%2Fv2%2Fcategories&post=2638"},{"taxonomy":"post_tag","embeddable":true,"href":"https:\/\/archive.sana.sy\/es\/index.php?rest_route=%2Fwp%2Fv2%2Ftags&post=2638"}],"curies":[{"name":"wp","href":"https:\/\/api.w.org\/{rel}","templated":true}]}}