{"id":263848,"date":"2022-11-27T04:54:36","date_gmt":"2022-11-27T02:54:36","guid":{"rendered":"http:\/\/107.6.182.27\/es\/?p=263848"},"modified":"2023-01-10T15:49:46","modified_gmt":"2023-01-10T13:49:46","slug":"los-gobiernos-europeos-llevaron-a-la-ue-a-un-colapso-energetico-global","status":"publish","type":"post","link":"https:\/\/archive.sana.sy\/es\/?p=263848","title":{"rendered":"Los gobiernos europeos llevaron a la UE a un colapso energ\u00e9tico global"},"content":{"rendered":"<p style=\"text-align: justify;\"><span style=\"color: #800000;\"><strong>Mosc\u00fa, 27 nov (SANA)<\/strong> <\/span>La portavoz del Ministerio de Exteriores ruso, Mar\u00eda Zaj\u00e1rova, dijo hoy que los gobiernos europeos empujaron a la Uni\u00f3n Europea a una crisis energ\u00e9tica y ahora tendr\u00e1n que convencer a sus ciudadanos que la situaci\u00f3n actual corresponde a sus intereses.<\/p>\n<p style=\"text-align: justify;\">&#8220;Ellos han llevado a Europa, precisamente la UE, a un colapso energ\u00e9tico global&#8221;, declar\u00f3 la vocera en un programa del canal TVC, citada por RT.<\/p>\n<p style=\"text-align: justify;\">Zaj\u00e1rova mencion\u00f3 que las explosiones en los gasoductos Nord Stream 1 y Nord Stream 2, que transportaban gas natural ruso a la UE, se produjeron en septiembre pasado en la zona de responsabilidad de la OTAN y han sido reconocidos como actos de sabotaje. Mientras tanto, acentu\u00f3, los l\u00edderes europeos llamaron a &#8220;no apresurarse con conclusiones&#8221;.<\/p>\n<p style=\"text-align: justify;\">fm<\/p>\n<p style=\"text-align: justify;\">\n","protected":false},"excerpt":{"rendered":"<p>Mosc\u00fa, 27 nov (SANA) La portavoz del Ministerio de Exteriores ruso, Mar\u00eda Zaj\u00e1rova, dijo hoy que los gobiernos europeos empujaron a la Uni\u00f3n Europea a una crisis energ\u00e9tica y ahora tendr\u00e1n que convencer a sus ciudadanos que la situaci\u00f3n actual corresponde a sus intereses. &#8220;Ellos han llevado a Europa, precisamente la UE, a un colapso &hellip;<\/p>\n","protected":false},"author":34,"featured_media":263849,"comment_status":"closed","ping_status":"closed","sticky":false,"template":"","format":"standard","meta":{"footnotes":""},"categories":[597,485,456,20724,7541],"tags":[],"class_list":["post-263848","post","type-post","status-publish","format-standard","has-post-thumbnail","","category-cinta-de-noticias","category-informes-negocios-y-finanzas","category-arabe-internacional-politica","category-minuto-a-minuto","category-ultimas-noticias"],"_links":{"self":[{"href":"https:\/\/archive.sana.sy\/es\/index.php?rest_route=\/wp\/v2\/posts\/263848"}],"collection":[{"href":"https:\/\/archive.sana.sy\/es\/index.php?rest_route=\/wp\/v2\/posts"}],"about":[{"href":"https:\/\/archive.sana.sy\/es\/index.php?rest_route=\/wp\/v2\/types\/post"}],"author":[{"embeddable":true,"href":"https:\/\/archive.sana.sy\/es\/index.php?rest_route=\/wp\/v2\/users\/34"}],"replies":[{"embeddable":true,"href":"https:\/\/archive.sana.sy\/es\/index.php?rest_route=%2Fwp%2Fv2%2Fcomments&post=263848"}],"version-history":[{"count":0,"href":"https:\/\/archive.sana.sy\/es\/index.php?rest_route=\/wp\/v2\/posts\/263848\/revisions"}],"wp:featuredmedia":[{"embeddable":true,"href":"https:\/\/archive.sana.sy\/es\/index.php?rest_route=\/wp\/v2\/media\/263849"}],"wp:attachment":[{"href":"https:\/\/archive.sana.sy\/es\/index.php?rest_route=%2Fwp%2Fv2%2Fmedia&parent=263848"}],"wp:term":[{"taxonomy":"category","embeddable":true,"href":"https:\/\/archive.sana.sy\/es\/index.php?rest_route=%2Fwp%2Fv2%2Fcategories&post=263848"},{"taxonomy":"post_tag","embeddable":true,"href":"https:\/\/archive.sana.sy\/es\/index.php?rest_route=%2Fwp%2Fv2%2Ftags&post=263848"}],"curies":[{"name":"wp","href":"https:\/\/api.w.org\/{rel}","templated":true}]}}