{"id":263870,"date":"2022-11-27T17:00:19","date_gmt":"2022-11-27T15:00:19","guid":{"rendered":"http:\/\/107.6.182.27\/es\/?p=263870"},"modified":"2022-11-27T17:08:56","modified_gmt":"2022-11-27T15:08:56","slug":"siria-y-oman-mantienen-dialogos-sobre-cooperacion-mediatica","status":"publish","type":"post","link":"https:\/\/archive.sana.sy\/es\/?p=263870","title":{"rendered":"Siria y Om\u00e1n mantienen di\u00e1logos sobre cooperaci\u00f3n medi\u00e1tica"},"content":{"rendered":"<p style=\"text-align: justify;\"><span style=\"color: #800000;\"><strong>Mascate, 27 nov (SANA)<\/strong> <\/span>El embajador de Siria ante el Sultanato de Om\u00e1n, Idris Mia, se reuni\u00f3 hoy con el ministro de Informaci\u00f3n de Om\u00e1n, Abdullah Al-Harassi, con quien repas\u00f3 las v\u00edas para mejorar la cooperaci\u00f3n bilateral en el campo de los medios.<\/p>\n<p style=\"text-align: justify;\">Durante el encuentro que se llev\u00f3 a cabo en la capital oman\u00ed, el embajador Mia habl\u00f3 de la feroz guerra medi\u00e1tica contra Siria durante los \u00faltimos diez a\u00f1os en la que se emplearon cientos de canales de televisi\u00f3n y peri\u00f3dicos, as\u00ed como redes sociales.<\/p>\n<p style=\"text-align: justify;\">Los medios y periodistas sirios hicieron grandes esfuerzos para enfrentar esta embestida y hacer frente a sus acusaciones y fabricaciones, asever\u00f3 Mia.<\/p>\n<p style=\"text-align: justify;\">Asimismo, el diplom\u00e1tico elogi\u00f3 el papel constructivo desempe\u00f1ado por los medios de comunicaci\u00f3n oman\u00edes, que adoptaron un enfoque objetivo y transparente, y arrojaron luz sobre los cr\u00edmenes cometidos por las organizaciones terroristas y sus patrocinadores.<\/p>\n<p style=\"text-align: justify;\">A su vez, Al-Harassi reiter\u00f3 el apoyo de su pa\u00eds a Siria desde el inicio de la guerra en su contra, y destac\u00f3 que Mascat se dio cuenta de que el verdadero objetivo de este complot era la destrucci\u00f3n de la civilizaci\u00f3n siria y todos los logros alcanzados durante los \u00faltimos a\u00f1os en todos los campos.<\/p>\n<p style=\"text-align: justify;\">Asimismo, expres\u00f3 la disposici\u00f3n de su pa\u00eds para mejorar la cooperaci\u00f3n y la coordinaci\u00f3n entre los medios de comunicaci\u00f3n sirios y oman\u00edes.<\/p>\n<div id='gallery-1' class='gallery galleryid-263870 gallery-columns-1 gallery-size-full'><figure class='gallery-item'>\n\t\t\t<div class='gallery-icon landscape'>\n\t\t\t\t<a href='https:\/\/archive.sana.sy\/es\/?attachment_id=263878'><img loading=\"lazy\" decoding=\"async\" width=\"660\" height=\"421\" src=\"https:\/\/archive.sana.sy\/es\/wp-content\/uploads\/2022\/11\/4-66-2.jpg\" class=\"attachment-full size-full\" alt=\"\" srcset=\"https:\/\/archive.sana.sy\/es\/wp-content\/uploads\/2022\/11\/4-66-2.jpg 660w, https:\/\/archive.sana.sy\/es\/wp-content\/uploads\/2022\/11\/4-66-2-300x191.jpg 300w, https:\/\/archive.sana.sy\/es\/wp-content\/uploads\/2022\/11\/4-66-2-150x96.jpg 150w\" sizes=\"(max-width: 660px) 100vw, 660px\" \/><\/a>\n\t\t\t<\/div><\/figure><figure class='gallery-item'>\n\t\t\t<div class='gallery-icon landscape'>\n\t\t\t\t<a href='https:\/\/archive.sana.sy\/es\/?attachment_id=263879'><img loading=\"lazy\" decoding=\"async\" width=\"660\" height=\"452\" src=\"https:\/\/archive.sana.sy\/es\/wp-content\/uploads\/2022\/11\/5-61-2.jpg\" class=\"attachment-full size-full\" alt=\"\" srcset=\"https:\/\/archive.sana.sy\/es\/wp-content\/uploads\/2022\/11\/5-61-2.jpg 660w, https:\/\/archive.sana.sy\/es\/wp-content\/uploads\/2022\/11\/5-61-2-300x205.jpg 300w, https:\/\/archive.sana.sy\/es\/wp-content\/uploads\/2022\/11\/5-61-2-150x103.jpg 150w, https:\/\/archive.sana.sy\/es\/wp-content\/uploads\/2022\/11\/5-61-2-110x75.jpg 110w\" sizes=\"(max-width: 660px) 100vw, 660px\" \/><\/a>\n\t\t\t<\/div><\/figure>\n\t\t<\/div>\n\n<p style=\"text-align: justify;\"><em><strong>ws\/fm<\/strong><\/em><\/p>\n","protected":false},"excerpt":{"rendered":"<p>Mascate, 27 nov (SANA) El embajador de Siria ante el Sultanato de Om\u00e1n, Idris Mia, se reuni\u00f3 hoy con el ministro de Informaci\u00f3n de Om\u00e1n, Abdullah Al-Harassi, con quien repas\u00f3 las v\u00edas para mejorar la cooperaci\u00f3n bilateral en el campo de los medios. Durante el encuentro que se llev\u00f3 a cabo en la capital oman\u00ed, &hellip;<\/p>\n","protected":false},"author":35,"featured_media":263871,"comment_status":"closed","ping_status":"closed","sticky":false,"template":"","format":"standard","meta":{"footnotes":""},"categories":[477,447,597,20724,467,7541],"tags":[],"class_list":["post-263870","post","type-post","status-publish","format-standard","has-post-thumbnail","","category-noticias-edulcorantes","category-local-politica","category-cinta-de-noticias","category-minuto-a-minuto","category-siria-y-el-mundo","category-ultimas-noticias"],"_links":{"self":[{"href":"https:\/\/archive.sana.sy\/es\/index.php?rest_route=\/wp\/v2\/posts\/263870"}],"collection":[{"href":"https:\/\/archive.sana.sy\/es\/index.php?rest_route=\/wp\/v2\/posts"}],"about":[{"href":"https:\/\/archive.sana.sy\/es\/index.php?rest_route=\/wp\/v2\/types\/post"}],"author":[{"embeddable":true,"href":"https:\/\/archive.sana.sy\/es\/index.php?rest_route=\/wp\/v2\/users\/35"}],"replies":[{"embeddable":true,"href":"https:\/\/archive.sana.sy\/es\/index.php?rest_route=%2Fwp%2Fv2%2Fcomments&post=263870"}],"version-history":[{"count":0,"href":"https:\/\/archive.sana.sy\/es\/index.php?rest_route=\/wp\/v2\/posts\/263870\/revisions"}],"wp:featuredmedia":[{"embeddable":true,"href":"https:\/\/archive.sana.sy\/es\/index.php?rest_route=\/wp\/v2\/media\/263871"}],"wp:attachment":[{"href":"https:\/\/archive.sana.sy\/es\/index.php?rest_route=%2Fwp%2Fv2%2Fmedia&parent=263870"}],"wp:term":[{"taxonomy":"category","embeddable":true,"href":"https:\/\/archive.sana.sy\/es\/index.php?rest_route=%2Fwp%2Fv2%2Fcategories&post=263870"},{"taxonomy":"post_tag","embeddable":true,"href":"https:\/\/archive.sana.sy\/es\/index.php?rest_route=%2Fwp%2Fv2%2Ftags&post=263870"}],"curies":[{"name":"wp","href":"https:\/\/api.w.org\/{rel}","templated":true}]}}