{"id":264042,"date":"2022-11-28T16:21:41","date_gmt":"2022-11-28T14:21:41","guid":{"rendered":"http:\/\/107.6.182.27\/es\/?p=264042"},"modified":"2022-11-28T16:21:41","modified_gmt":"2022-11-28T14:21:41","slug":"gobernador-de-damasco-se-reune-con-el-embajador-del-reino-de-bahrein","status":"publish","type":"post","link":"https:\/\/archive.sana.sy\/es\/?p=264042","title":{"rendered":"Gobernador de Damasco se re\u00fane con el Embajador del Reino de Bahr\u00e9in"},"content":{"rendered":"<p style=\"text-align: justify;\"><span style=\"color: #800000;\"><strong>Damasco, 28 nov (SANA)<\/strong><\/span> El gobernador de Damasco, Mohammad Kirishati, se reuni\u00f3 hoy con el embajador del Reino de Bahr\u00e9in en Siria, Wahid Mubarak Sayyar.<\/p>\n<p style=\"text-align: justify;\">Durante la reuni\u00f3n, al alcalde enfatiz\u00f3 la importancia de consolidar la cooperaci\u00f3n integral para servir los intereses de los pa\u00edses hermanos, as\u00ed como manifest\u00f3 inter\u00e9s de Siria por mantener las mejores relaciones con el Reino de Bahr\u00e9in.<\/p>\n<p style=\"text-align: justify;\">Por su parte, el embajador Sayyar ratific\u00f3 la importancia de desarrollar relaciones integrales con Siria y enfatiz\u00f3 la necesidad de preservar la unidad de este pa\u00eds y no interferir en sus asuntos internos.<\/p>\n<p>&nbsp;<\/p>\n<p>ah\/mm<\/p>\n","protected":false},"excerpt":{"rendered":"<p>Damasco, 28 nov (SANA) El gobernador de Damasco, Mohammad Kirishati, se reuni\u00f3 hoy con el embajador del Reino de Bahr\u00e9in en Siria, Wahid Mubarak Sayyar. Durante la reuni\u00f3n, al alcalde enfatiz\u00f3 la importancia de consolidar la cooperaci\u00f3n integral para servir los intereses de los pa\u00edses hermanos, as\u00ed como manifest\u00f3 inter\u00e9s de Siria por mantener las &hellip;<\/p>\n","protected":false},"author":36,"featured_media":264043,"comment_status":"closed","ping_status":"closed","sticky":false,"template":"","format":"standard","meta":{"footnotes":""},"categories":[597,20724,467],"tags":[],"class_list":["post-264042","post","type-post","status-publish","format-standard","has-post-thumbnail","","category-cinta-de-noticias","category-minuto-a-minuto","category-siria-y-el-mundo"],"_links":{"self":[{"href":"https:\/\/archive.sana.sy\/es\/index.php?rest_route=\/wp\/v2\/posts\/264042"}],"collection":[{"href":"https:\/\/archive.sana.sy\/es\/index.php?rest_route=\/wp\/v2\/posts"}],"about":[{"href":"https:\/\/archive.sana.sy\/es\/index.php?rest_route=\/wp\/v2\/types\/post"}],"author":[{"embeddable":true,"href":"https:\/\/archive.sana.sy\/es\/index.php?rest_route=\/wp\/v2\/users\/36"}],"replies":[{"embeddable":true,"href":"https:\/\/archive.sana.sy\/es\/index.php?rest_route=%2Fwp%2Fv2%2Fcomments&post=264042"}],"version-history":[{"count":0,"href":"https:\/\/archive.sana.sy\/es\/index.php?rest_route=\/wp\/v2\/posts\/264042\/revisions"}],"wp:featuredmedia":[{"embeddable":true,"href":"https:\/\/archive.sana.sy\/es\/index.php?rest_route=\/wp\/v2\/media\/264043"}],"wp:attachment":[{"href":"https:\/\/archive.sana.sy\/es\/index.php?rest_route=%2Fwp%2Fv2%2Fmedia&parent=264042"}],"wp:term":[{"taxonomy":"category","embeddable":true,"href":"https:\/\/archive.sana.sy\/es\/index.php?rest_route=%2Fwp%2Fv2%2Fcategories&post=264042"},{"taxonomy":"post_tag","embeddable":true,"href":"https:\/\/archive.sana.sy\/es\/index.php?rest_route=%2Fwp%2Fv2%2Ftags&post=264042"}],"curies":[{"name":"wp","href":"https:\/\/api.w.org\/{rel}","templated":true}]}}