{"id":264045,"date":"2022-11-28T16:27:57","date_gmt":"2022-11-28T14:27:57","guid":{"rendered":"http:\/\/107.6.182.27\/es\/?p=264045"},"modified":"2023-01-10T15:49:42","modified_gmt":"2023-01-10T13:49:42","slug":"rusia-redirigira-sus-exportaciones-e-importaciones-a-nuevos-mercados","status":"publish","type":"post","link":"https:\/\/archive.sana.sy\/es\/?p=264045","title":{"rendered":"Rusia redirigir\u00e1 sus exportaciones e importaciones a nuevos mercados"},"content":{"rendered":"<p style=\"text-align: justify;\"><span style=\"color: #800000;\"><strong>Mosc\u00fa, 28 nov (SANA)<\/strong><\/span> El presidente ruso, Vladimir Putin, indic\u00f3 que el comercio internacional se enfrenta actualmente a una crisis debido a las condiciones actuales.<\/p>\n<p style=\"text-align: justify;\">Sputnik cit\u00f3 al l\u00edder ruso diciendo en un discurso a los participantes en la sesi\u00f3n plenaria del decimoctavo foro sobre cooperaci\u00f3n regional entre Rusia y Kazajst\u00e1n: \u201cEn un momento en que el comercio internacional est\u00e1 en crisis, y tendiendo esto en mente, se est\u00e1n implementando medidas a gran escala en Rusia para redirigir las operaciones de exportaci\u00f3n e importaci\u00f3n a nuevos mercados.<\/p>\n<p style=\"text-align: justify;\">Putin se\u00f1al\u00f3 que se est\u00e1 trabajando para equipar y mejorar la eficiencia de los nuevos corredores internacionales de la l\u00ednea principal este-oeste y norte-sur.<\/p>\n<p style=\"text-align: justify;\">Cabe se\u00f1alar que el presidente kazajo, Kassym-Jomart Tokayev, lleg\u00f3 la v\u00edspera a Rusia en su primera visita al extranjero despu\u00e9s de su reelecci\u00f3n.<\/p>\n<p>ah\/mm<\/p>\n","protected":false},"excerpt":{"rendered":"<p>Mosc\u00fa, 28 nov (SANA) El presidente ruso, Vladimir Putin, indic\u00f3 que el comercio internacional se enfrenta actualmente a una crisis debido a las condiciones actuales. Sputnik cit\u00f3 al l\u00edder ruso diciendo en un discurso a los participantes en la sesi\u00f3n plenaria del decimoctavo foro sobre cooperaci\u00f3n regional entre Rusia y Kazajst\u00e1n: \u201cEn un momento en &hellip;<\/p>\n","protected":false},"author":36,"featured_media":264046,"comment_status":"closed","ping_status":"closed","sticky":false,"template":"","format":"standard","meta":{"footnotes":""},"categories":[597,456,20724,457],"tags":[],"class_list":["post-264045","post","type-post","status-publish","format-standard","has-post-thumbnail","","category-cinta-de-noticias","category-arabe-internacional-politica","category-minuto-a-minuto","category-noticias-arabe-internacional-politica"],"_links":{"self":[{"href":"https:\/\/archive.sana.sy\/es\/index.php?rest_route=\/wp\/v2\/posts\/264045"}],"collection":[{"href":"https:\/\/archive.sana.sy\/es\/index.php?rest_route=\/wp\/v2\/posts"}],"about":[{"href":"https:\/\/archive.sana.sy\/es\/index.php?rest_route=\/wp\/v2\/types\/post"}],"author":[{"embeddable":true,"href":"https:\/\/archive.sana.sy\/es\/index.php?rest_route=\/wp\/v2\/users\/36"}],"replies":[{"embeddable":true,"href":"https:\/\/archive.sana.sy\/es\/index.php?rest_route=%2Fwp%2Fv2%2Fcomments&post=264045"}],"version-history":[{"count":0,"href":"https:\/\/archive.sana.sy\/es\/index.php?rest_route=\/wp\/v2\/posts\/264045\/revisions"}],"wp:featuredmedia":[{"embeddable":true,"href":"https:\/\/archive.sana.sy\/es\/index.php?rest_route=\/wp\/v2\/media\/264046"}],"wp:attachment":[{"href":"https:\/\/archive.sana.sy\/es\/index.php?rest_route=%2Fwp%2Fv2%2Fmedia&parent=264045"}],"wp:term":[{"taxonomy":"category","embeddable":true,"href":"https:\/\/archive.sana.sy\/es\/index.php?rest_route=%2Fwp%2Fv2%2Fcategories&post=264045"},{"taxonomy":"post_tag","embeddable":true,"href":"https:\/\/archive.sana.sy\/es\/index.php?rest_route=%2Fwp%2Fv2%2Ftags&post=264045"}],"curies":[{"name":"wp","href":"https:\/\/api.w.org\/{rel}","templated":true}]}}