{"id":264052,"date":"2022-11-28T18:01:52","date_gmt":"2022-11-28T16:01:52","guid":{"rendered":"http:\/\/107.6.182.27\/es\/?p=264052"},"modified":"2023-01-10T15:49:42","modified_gmt":"2023-01-10T13:49:42","slug":"cancilleria-rusa-convoca-al-embajador-noruego-en-protestar-por-el-arresto-de-ciudadanos-rusos","status":"publish","type":"post","link":"https:\/\/archive.sana.sy\/es\/?p=264052","title":{"rendered":"Canciller\u00eda rusa convoca al embajador noruego en protestar por el arresto de ciudadanos rusos"},"content":{"rendered":"<p style=\"text-align: justify;\"><span style=\"color: #800000;\"><strong>Mosc\u00fa, 28 nov (SANA)<\/strong> <\/span>El Ministerio de Exteriores de Rusia convoc\u00f3 hoy al embajador noruego en Mosc\u00fa, Robert Kvil, para protestar por la detenci\u00f3n de ciudadanos rusos por el presunto uso ilegal de drones.<\/p>\n<p style=\"text-align: justify;\">&#8220;En respuesta a los recientes arrestos y juicios de ciudadanos rusos, por cargos de uso ilegal de drones, el embajador del Reino de Noruega fue convocado a la sede del ministerio, informado de que tal pr\u00e1ctica es inaceptable y que las sentencias emitidas contra ciudadanos de Rusia tienen motivaciones pol\u00edticas y no tienen nada que ver con los principios de un poder judicial justo e imparcial\u201d, cit\u00f3 Novosti a un comunicado del organismo diplom\u00e1tico.<\/p>\n<p style=\"text-align: justify;\">El comunicado se\u00f1al\u00f3 que Mosc\u00fa pidi\u00f3 a Oslo que abandone los actos antirrusos y la persecuci\u00f3n por motivos de nacionalidad.<\/p>\n<p style=\"text-align: justify;\">La polic\u00eda noruega en diferentes partes del pa\u00eds ha arrestado a siete ciudadanos rusos en los \u00faltimos d\u00edas acusados de filmar con drones.<\/p>\n<p style=\"text-align: justify;\">ah\/mm<\/p>\n","protected":false},"excerpt":{"rendered":"<p>Mosc\u00fa, 28 nov (SANA) El Ministerio de Exteriores de Rusia convoc\u00f3 hoy al embajador noruego en Mosc\u00fa, Robert Kvil, para protestar por la detenci\u00f3n de ciudadanos rusos por el presunto uso ilegal de drones. &#8220;En respuesta a los recientes arrestos y juicios de ciudadanos rusos, por cargos de uso ilegal de drones, el embajador del &hellip;<\/p>\n","protected":false},"author":36,"featured_media":264053,"comment_status":"closed","ping_status":"closed","sticky":false,"template":"","format":"standard","meta":{"footnotes":""},"categories":[597,456,20724,457],"tags":[],"class_list":["post-264052","post","type-post","status-publish","format-standard","has-post-thumbnail","","category-cinta-de-noticias","category-arabe-internacional-politica","category-minuto-a-minuto","category-noticias-arabe-internacional-politica"],"_links":{"self":[{"href":"https:\/\/archive.sana.sy\/es\/index.php?rest_route=\/wp\/v2\/posts\/264052"}],"collection":[{"href":"https:\/\/archive.sana.sy\/es\/index.php?rest_route=\/wp\/v2\/posts"}],"about":[{"href":"https:\/\/archive.sana.sy\/es\/index.php?rest_route=\/wp\/v2\/types\/post"}],"author":[{"embeddable":true,"href":"https:\/\/archive.sana.sy\/es\/index.php?rest_route=\/wp\/v2\/users\/36"}],"replies":[{"embeddable":true,"href":"https:\/\/archive.sana.sy\/es\/index.php?rest_route=%2Fwp%2Fv2%2Fcomments&post=264052"}],"version-history":[{"count":0,"href":"https:\/\/archive.sana.sy\/es\/index.php?rest_route=\/wp\/v2\/posts\/264052\/revisions"}],"wp:featuredmedia":[{"embeddable":true,"href":"https:\/\/archive.sana.sy\/es\/index.php?rest_route=\/wp\/v2\/media\/264053"}],"wp:attachment":[{"href":"https:\/\/archive.sana.sy\/es\/index.php?rest_route=%2Fwp%2Fv2%2Fmedia&parent=264052"}],"wp:term":[{"taxonomy":"category","embeddable":true,"href":"https:\/\/archive.sana.sy\/es\/index.php?rest_route=%2Fwp%2Fv2%2Fcategories&post=264052"},{"taxonomy":"post_tag","embeddable":true,"href":"https:\/\/archive.sana.sy\/es\/index.php?rest_route=%2Fwp%2Fv2%2Ftags&post=264052"}],"curies":[{"name":"wp","href":"https:\/\/api.w.org\/{rel}","templated":true}]}}