{"id":264070,"date":"2022-11-28T20:06:48","date_gmt":"2022-11-28T18:06:48","guid":{"rendered":"http:\/\/107.6.182.27\/es\/?p=264070"},"modified":"2022-11-28T20:06:48","modified_gmt":"2022-11-28T18:06:48","slug":"siria-condena-la-decision-arbitraria-occidental-contra-iran-en-el-consejo-de-derechos-humanos","status":"publish","type":"post","link":"https:\/\/archive.sana.sy\/es\/?p=264070","title":{"rendered":"Siria condena la decisi\u00f3n arbitraria occidental contra Ir\u00e1n en el Consejo de Derechos Humanos"},"content":{"rendered":"<blockquote>\n<p style=\"text-align: justify;\"><span style=\"color: #ff6600;\"><strong>Al-Mekdad ratific\u00f3 que tales decisiones arbitrarias e inaceptables reflejan un enfoque constante adoptado por los pa\u00edses occidentales contra los pa\u00edses independientes, con el objetivo de implementar sus objetivos destructivos en los pa\u00edses en desarrollo.<\/strong><\/span><\/p>\n<\/blockquote>\n<p style=\"text-align: justify;\"><span style=\"color: #800000;\"><strong>Damasco, 28 nov (SANA)<\/strong><\/span> La Rep\u00fablica \u00c1rabe Siria conden\u00f3 la resoluci\u00f3n arbitraria promovida por Estados Unidos y los pa\u00edses occidentales contra la Rep\u00fablica Isl\u00e1mica de Ir\u00e1n en una reuni\u00f3n extraordinaria del Consejo de Derechos Humanos (CDH) celebrada en Ginebra.<\/p>\n<p style=\"text-align: justify;\">Esta condena fue expresada por el canciller sirio Faisal Al-Mekdad durante una llamada telef\u00f3nica con su par iran\u00ed Hosein Amir-Abdollahian.<\/p>\n<p style=\"text-align: justify;\">Al-Mekdad ratific\u00f3 que tales decisiones arbitrarias e inaceptables reflejan un enfoque constante adoptado por los pa\u00edses occidentales contra los pa\u00edses independientes, con el objetivo de implementar sus objetivos destructivos en los pa\u00edses en desarrollo.<\/p>\n<p style=\"text-align: justify;\">\u201cLa resoluci\u00f3n adaptada despu\u00e9s de presi\u00f3n y chantaje por parte de Occidente sobre algunos estados miembros del CDH, representa una violaci\u00f3n directa de la soberan\u00eda y la estabilidad de los estados y su derecho a seguir pol\u00edticas que sean compatibles con la historia, las costumbres y las tradiciones de sus pueblos\u201d, fustig\u00f3 el jefe de la diplomacia siria.<\/p>\n<p style=\"text-align: justify;\">Asimismo, expres\u00f3 la solidaridad con el gobierno, liderazgo y pueblo de Ir\u00e1n ante las provocaciones y consignas falsas que circularon durante los recientes disturbios en el pa\u00eds p\u00e9rsico.<\/p>\n<p style=\"text-align: justify;\">Por su parte, el Canciller iran\u00ed elogi\u00f3 la solidaridad de Siria con la Rep\u00fablica Isl\u00e1mica de Ir\u00e1n y su pueblo, y resalt\u00f3 que el pueblo iran\u00ed, a trav\u00e9s de su respuesta a los disturbios, ratific\u00f3 su fe en su revoluci\u00f3n y el papel desempe\u00f1ado por Ir\u00e1n interna y externamente para enfrentar todas las conspiraciones occidentales en su contra, ya sea en su archivo nuclear o en su defensa de los derechos b\u00e1sicos de su pueblo.<\/p>\n<p style=\"text-align: justify;\">Al final de la conversaci\u00f3n, ambas partes enfatizaron la importancia de que el CDH se adhiera a su mandato y no politice los derechos humanos y los use como un medio para quebrantar las aspiraciones de los pueblos frente a las pol\u00edticas occidentales.<\/p>\n<p style=\"text-align: justify;\"><em><strong>ah\/fm<\/strong><\/em><\/p>\n","protected":false},"excerpt":{"rendered":"<p>Al-Mekdad ratific\u00f3 que tales decisiones arbitrarias e inaceptables reflejan un enfoque constante adoptado por los pa\u00edses occidentales contra los pa\u00edses independientes, con el objetivo de implementar sus objetivos destructivos en los pa\u00edses en desarrollo. Damasco, 28 nov (SANA) La Rep\u00fablica \u00c1rabe Siria conden\u00f3 la resoluci\u00f3n arbitraria promovida por Estados Unidos y los pa\u00edses occidentales contra &hellip;<\/p>\n","protected":false},"author":30,"featured_media":264071,"comment_status":"closed","ping_status":"closed","sticky":false,"template":"","format":"standard","meta":{"footnotes":""},"categories":[597,20724,467,7541],"tags":[],"class_list":["post-264070","post","type-post","status-publish","format-standard","has-post-thumbnail","","category-cinta-de-noticias","category-minuto-a-minuto","category-siria-y-el-mundo","category-ultimas-noticias"],"_links":{"self":[{"href":"https:\/\/archive.sana.sy\/es\/index.php?rest_route=\/wp\/v2\/posts\/264070"}],"collection":[{"href":"https:\/\/archive.sana.sy\/es\/index.php?rest_route=\/wp\/v2\/posts"}],"about":[{"href":"https:\/\/archive.sana.sy\/es\/index.php?rest_route=\/wp\/v2\/types\/post"}],"author":[{"embeddable":true,"href":"https:\/\/archive.sana.sy\/es\/index.php?rest_route=\/wp\/v2\/users\/30"}],"replies":[{"embeddable":true,"href":"https:\/\/archive.sana.sy\/es\/index.php?rest_route=%2Fwp%2Fv2%2Fcomments&post=264070"}],"version-history":[{"count":0,"href":"https:\/\/archive.sana.sy\/es\/index.php?rest_route=\/wp\/v2\/posts\/264070\/revisions"}],"wp:featuredmedia":[{"embeddable":true,"href":"https:\/\/archive.sana.sy\/es\/index.php?rest_route=\/wp\/v2\/media\/264071"}],"wp:attachment":[{"href":"https:\/\/archive.sana.sy\/es\/index.php?rest_route=%2Fwp%2Fv2%2Fmedia&parent=264070"}],"wp:term":[{"taxonomy":"category","embeddable":true,"href":"https:\/\/archive.sana.sy\/es\/index.php?rest_route=%2Fwp%2Fv2%2Fcategories&post=264070"},{"taxonomy":"post_tag","embeddable":true,"href":"https:\/\/archive.sana.sy\/es\/index.php?rest_route=%2Fwp%2Fv2%2Ftags&post=264070"}],"curies":[{"name":"wp","href":"https:\/\/api.w.org\/{rel}","templated":true}]}}