{"id":264073,"date":"2022-11-28T20:12:27","date_gmt":"2022-11-28T18:12:27","guid":{"rendered":"http:\/\/107.6.182.27\/es\/?p=264073"},"modified":"2023-01-10T15:49:42","modified_gmt":"2023-01-10T13:49:42","slug":"francia-alienta-la-ue-a-defender-sus-intereses-economicos-ante-ee-uu","status":"publish","type":"post","link":"https:\/\/archive.sana.sy\/es\/?p=264073","title":{"rendered":"Francia alienta la UE a defender sus intereses econ\u00f3micos ante EE.UU."},"content":{"rendered":"<p style=\"text-align: justify;\"><span style=\"color: #800000;\"><strong>Par\u00eds, 28 nov (SANA)<\/strong><\/span> El ministro de Finanzas de Francia, Bruno Le Maire, afirm\u00f3 hoy que Europa deber\u00eda proteger sus intereses econ\u00f3micos, en respuesta a las disposiciones de la pol\u00e9mica Ley de Reducci\u00f3n de la Inflaci\u00f3n de EE.UU., seg\u00fan recoge RT.<\/p>\n<p style=\"text-align: justify;\">\u201cChina y Estados Unidos favorecen su producci\u00f3n, a su vez Europa tiene que favorecer su producci\u00f3n. Todos los Estados europeos deben entender que hoy, frente a estas decisiones estadounidenses, debemos aprender a proteger y defender mejor nuestros intereses econ\u00f3micos\u201d, manifest\u00f3 Le Maire.<\/p>\n<p style=\"text-align: justify;\">El Titular galo reiter\u00f3 que Francia podr\u00eda pedir exenciones ante las nuevas medidas impuestas por EE.UU. Sin embargo, el ministro recalca que el verdadero problema yace en el tipo de globalizaci\u00f3n que se avecina.<\/p>\n<p style=\"text-align: justify;\">\u201cLa verdadera pregunta que debemos hacernos es: \u00bfQu\u00e9 tipo de globalizaci\u00f3n nos espera?\u201d, concluy\u00f3.<\/p>\n<p style=\"text-align: justify;\"><em><strong>ah\/fm<\/strong><\/em><\/p>\n","protected":false},"excerpt":{"rendered":"<p>Par\u00eds, 28 nov (SANA) El ministro de Finanzas de Francia, Bruno Le Maire, afirm\u00f3 hoy que Europa deber\u00eda proteger sus intereses econ\u00f3micos, en respuesta a las disposiciones de la pol\u00e9mica Ley de Reducci\u00f3n de la Inflaci\u00f3n de EE.UU., seg\u00fan recoge RT. \u201cChina y Estados Unidos favorecen su producci\u00f3n, a su vez Europa tiene que favorecer &hellip;<\/p>\n","protected":false},"author":30,"featured_media":264074,"comment_status":"closed","ping_status":"closed","sticky":false,"template":"","format":"standard","meta":{"footnotes":""},"categories":[456,20724],"tags":[],"class_list":["post-264073","post","type-post","status-publish","format-standard","has-post-thumbnail","","category-arabe-internacional-politica","category-minuto-a-minuto"],"_links":{"self":[{"href":"https:\/\/archive.sana.sy\/es\/index.php?rest_route=\/wp\/v2\/posts\/264073"}],"collection":[{"href":"https:\/\/archive.sana.sy\/es\/index.php?rest_route=\/wp\/v2\/posts"}],"about":[{"href":"https:\/\/archive.sana.sy\/es\/index.php?rest_route=\/wp\/v2\/types\/post"}],"author":[{"embeddable":true,"href":"https:\/\/archive.sana.sy\/es\/index.php?rest_route=\/wp\/v2\/users\/30"}],"replies":[{"embeddable":true,"href":"https:\/\/archive.sana.sy\/es\/index.php?rest_route=%2Fwp%2Fv2%2Fcomments&post=264073"}],"version-history":[{"count":0,"href":"https:\/\/archive.sana.sy\/es\/index.php?rest_route=\/wp\/v2\/posts\/264073\/revisions"}],"wp:featuredmedia":[{"embeddable":true,"href":"https:\/\/archive.sana.sy\/es\/index.php?rest_route=\/wp\/v2\/media\/264074"}],"wp:attachment":[{"href":"https:\/\/archive.sana.sy\/es\/index.php?rest_route=%2Fwp%2Fv2%2Fmedia&parent=264073"}],"wp:term":[{"taxonomy":"category","embeddable":true,"href":"https:\/\/archive.sana.sy\/es\/index.php?rest_route=%2Fwp%2Fv2%2Fcategories&post=264073"},{"taxonomy":"post_tag","embeddable":true,"href":"https:\/\/archive.sana.sy\/es\/index.php?rest_route=%2Fwp%2Fv2%2Ftags&post=264073"}],"curies":[{"name":"wp","href":"https:\/\/api.w.org\/{rel}","templated":true}]}}