{"id":2641,"date":"2014-06-10T13:48:26","date_gmt":"2014-06-10T10:48:26","guid":{"rendered":"http:\/\/sanasyria.org\/es\/?p=2641"},"modified":"2014-06-10T13:48:26","modified_gmt":"2014-06-10T10:48:26","slug":"cancilleres-de-rusia-y-arabia-saudita-examinan-la-solucion-politica-de-la-crisis-en-siria","status":"publish","type":"post","link":"https:\/\/archive.sana.sy\/es\/?p=2641","title":{"rendered":"Cancilleres de Rusia y Arabia Saudita examinan la soluci\u00f3n pol\u00edtica de la crisis en Siria"},"content":{"rendered":"<p style=\"color: #000000;\" align=\"justify\"><span style=\"color: #800000; font-family: Verdana; font-size: medium;\">Mosc\u00fa, SANA<\/span><\/p>\n<p style=\"color: #000000;\" align=\"justify\"><span style=\"font-family: Verdana; font-size: medium;\">El ministerio de Exteriores ruso anunci\u00f3 que &#8220;a iniciativa de la parte saudita, se efectu\u00f3 una conversaci\u00f3n telef\u00f3nica entre el ministro de Exteriores, Sergei Lavrov, y su hom\u00f3logo saud\u00ed, Saud al-Faisal&#8221;.<\/span><\/p>\n<p style=\"color: #000000;\" align=\"justify\"><span style=\"font-family: Verdana; font-size: medium;\">Seg\u00fan la Canciller\u00eda rusa, ambos cancilleres discutieron en el transcurso del contacto, algunos temas regionales e internacionales, y se hizo un enfoque especial sobre la soluci\u00f3n pol\u00edtica de la crisis en Siria y de otras situaciones de crisis en la regi\u00f3n&#8221;<\/span><\/p>\n<p style=\"direction: ltr;\"><span style=\"font-family: Verdana; font-size: medium;\">Siria es el tema principal de la reuni\u00f3n trilateral entre los cancilleres de Rusia, Alemania y Polonia\u00a0<\/span><\/p>\n<p style=\"color: #000000;\" align=\"justify\"><span style=\"font-family: Verdana; font-size: medium;\"><\/span><\/p>\n<p style=\"direction: ltr;\">Por otro lado, el Ministerio de Exteriores ruso inform\u00f3 que los cancilleres de Rusia, Alemania y Polonia discutir\u00e1n el martes en su cuarta reuni\u00f3n informal celebrada en San Petersburgo, la soluci\u00f3n de la crisis de Ucrania, as\u00ed como la crisis en Siria y la situaci\u00f3n en Afganist\u00e1n.<\/p>\n<p style=\"color: #000000;\" align=\"justify\"><span style=\"font-family: Verdana; font-size: medium;\"><\/span><\/p>\n<p style=\"color: #000000;\" align=\"justify\"><span style=\"color: #0000ff; font-family: Verdana; font-size: medium;\">Fady M., Hala B.<\/span><\/p>\n","protected":false},"excerpt":{"rendered":"<p>Mosc\u00fa, SANA El ministerio de Exteriores ruso anunci\u00f3 que &#8220;a iniciativa de la parte saudita, se efectu\u00f3 una conversaci\u00f3n telef\u00f3nica entre el ministro de Exteriores, Sergei Lavrov, y su hom\u00f3logo saud\u00ed, Saud al-Faisal&#8221;. Seg\u00fan la Canciller\u00eda rusa, ambos cancilleres discutieron en el transcurso del contacto, algunos temas regionales e internacionales, y se hizo un enfoque &hellip;<\/p>\n","protected":false},"author":2,"featured_media":2642,"comment_status":"closed","ping_status":"closed","sticky":false,"template":"","format":"standard","meta":{"footnotes":""},"categories":[456],"tags":[587],"class_list":["post-2641","post","type-post","status-publish","format-standard","has-post-thumbnail","","category-arabe-internacional-politica","tag-cancilleres-de-rusia-y-arabia-saudita-examinan-la-solucion-politica-de-la-crisis-en-siria"],"_links":{"self":[{"href":"https:\/\/archive.sana.sy\/es\/index.php?rest_route=\/wp\/v2\/posts\/2641"}],"collection":[{"href":"https:\/\/archive.sana.sy\/es\/index.php?rest_route=\/wp\/v2\/posts"}],"about":[{"href":"https:\/\/archive.sana.sy\/es\/index.php?rest_route=\/wp\/v2\/types\/post"}],"author":[{"embeddable":true,"href":"https:\/\/archive.sana.sy\/es\/index.php?rest_route=\/wp\/v2\/users\/2"}],"replies":[{"embeddable":true,"href":"https:\/\/archive.sana.sy\/es\/index.php?rest_route=%2Fwp%2Fv2%2Fcomments&post=2641"}],"version-history":[{"count":0,"href":"https:\/\/archive.sana.sy\/es\/index.php?rest_route=\/wp\/v2\/posts\/2641\/revisions"}],"wp:featuredmedia":[{"embeddable":true,"href":"https:\/\/archive.sana.sy\/es\/index.php?rest_route=\/wp\/v2\/media\/2642"}],"wp:attachment":[{"href":"https:\/\/archive.sana.sy\/es\/index.php?rest_route=%2Fwp%2Fv2%2Fmedia&parent=2641"}],"wp:term":[{"taxonomy":"category","embeddable":true,"href":"https:\/\/archive.sana.sy\/es\/index.php?rest_route=%2Fwp%2Fv2%2Fcategories&post=2641"},{"taxonomy":"post_tag","embeddable":true,"href":"https:\/\/archive.sana.sy\/es\/index.php?rest_route=%2Fwp%2Fv2%2Ftags&post=2641"}],"curies":[{"name":"wp","href":"https:\/\/api.w.org\/{rel}","templated":true}]}}