{"id":264231,"date":"2022-11-30T04:09:12","date_gmt":"2022-11-30T02:09:12","guid":{"rendered":"http:\/\/107.6.182.27\/es\/?p=264231"},"modified":"2022-11-30T04:09:31","modified_gmt":"2022-11-30T02:09:31","slug":"china-exige-el-cese-inmediato-de-los-ataques-israelies-y-turcos-contra-siria","status":"publish","type":"post","link":"https:\/\/archive.sana.sy\/es\/?p=264231","title":{"rendered":"China exige el cese inmediato de los ataques israel\u00edes y turcos contra Siria"},"content":{"rendered":"<p style=\"text-align: justify;\"><span style=\"color: #800000;\"><strong>Nueva York, 30 nov (SANA)<\/strong><\/span>\u00a0 China expres\u00f3 hoy su profunda preocupaci\u00f3n por las acciones hostiles que est\u00e1 llevando a cabo Turqu\u00eda e \u201cIsrael\u201d contra Siria y exigi\u00f3 el cese inmediato de estos ataques y evitando cualquier acci\u00f3n que pueda escalar la situaci\u00f3n.<\/p>\n<p style=\"text-align: justify;\">\u201cDebemos defender resueltamente la soberan\u00eda y la integridad territorial de Siria\u201d, dijo el representante adjunto de China ante las Naciones Unidas, Geng Shuang, durante la reuni\u00f3n del Consejo de Seguridad de la ONU.<\/p>\n<p style=\"text-align: justify;\">Agreg\u00f3 que &#8220;las hostilidades perpetradas por Turqu\u00eda e \u201cIsrael\u201d violan flagrantemente la soberan\u00eda y la integridad territorial de Siria y pueden conducir a una escalada de la crisis en Siria&#8221;.<\/p>\n<p style=\"text-align: justify;\">Subray\u00f3 la importancia de continuar el di\u00e1logo para resolver los problemas relevantes.<\/p>\n<p style=\"text-align: justify;\">fm<\/p>\n","protected":false},"excerpt":{"rendered":"<p>Nueva York, 30 nov (SANA)\u00a0 China expres\u00f3 hoy su profunda preocupaci\u00f3n por las acciones hostiles que est\u00e1 llevando a cabo Turqu\u00eda e \u201cIsrael\u201d contra Siria y exigi\u00f3 el cese inmediato de estos ataques y evitando cualquier acci\u00f3n que pueda escalar la situaci\u00f3n. \u201cDebemos defender resueltamente la soberan\u00eda y la integridad territorial de Siria\u201d, dijo el &hellip;<\/p>\n","protected":false},"author":34,"featured_media":264233,"comment_status":"closed","ping_status":"closed","sticky":false,"template":"","format":"standard","meta":{"footnotes":""},"categories":[597,20724,467,7541],"tags":[],"class_list":["post-264231","post","type-post","status-publish","format-standard","has-post-thumbnail","","category-cinta-de-noticias","category-minuto-a-minuto","category-siria-y-el-mundo","category-ultimas-noticias"],"_links":{"self":[{"href":"https:\/\/archive.sana.sy\/es\/index.php?rest_route=\/wp\/v2\/posts\/264231"}],"collection":[{"href":"https:\/\/archive.sana.sy\/es\/index.php?rest_route=\/wp\/v2\/posts"}],"about":[{"href":"https:\/\/archive.sana.sy\/es\/index.php?rest_route=\/wp\/v2\/types\/post"}],"author":[{"embeddable":true,"href":"https:\/\/archive.sana.sy\/es\/index.php?rest_route=\/wp\/v2\/users\/34"}],"replies":[{"embeddable":true,"href":"https:\/\/archive.sana.sy\/es\/index.php?rest_route=%2Fwp%2Fv2%2Fcomments&post=264231"}],"version-history":[{"count":0,"href":"https:\/\/archive.sana.sy\/es\/index.php?rest_route=\/wp\/v2\/posts\/264231\/revisions"}],"wp:featuredmedia":[{"embeddable":true,"href":"https:\/\/archive.sana.sy\/es\/index.php?rest_route=\/wp\/v2\/media\/264233"}],"wp:attachment":[{"href":"https:\/\/archive.sana.sy\/es\/index.php?rest_route=%2Fwp%2Fv2%2Fmedia&parent=264231"}],"wp:term":[{"taxonomy":"category","embeddable":true,"href":"https:\/\/archive.sana.sy\/es\/index.php?rest_route=%2Fwp%2Fv2%2Fcategories&post=264231"},{"taxonomy":"post_tag","embeddable":true,"href":"https:\/\/archive.sana.sy\/es\/index.php?rest_route=%2Fwp%2Fv2%2Ftags&post=264231"}],"curies":[{"name":"wp","href":"https:\/\/api.w.org\/{rel}","templated":true}]}}