{"id":264234,"date":"2022-11-30T04:19:22","date_gmt":"2022-11-30T02:19:22","guid":{"rendered":"http:\/\/107.6.182.27\/es\/?p=264234"},"modified":"2022-11-30T04:19:37","modified_gmt":"2022-11-30T02:19:37","slug":"canciller-irani-cualquier-accion-militar-turca-en-la-frontera-con-siria-complicara-aun-mas-la-situacion","status":"publish","type":"post","link":"https:\/\/archive.sana.sy\/es\/?p=264234","title":{"rendered":"Canciller iran\u00ed: cualquier acci\u00f3n militar turca en la frontera con Siria complicar\u00e1 a\u00fan m\u00e1s la situaci\u00f3n"},"content":{"rendered":"<p style=\"text-align: justify;\"><span style=\"color: #800000;\"><strong>Teher\u00e1n, 30 nov (SANA)\u00a0<\/strong><\/span>\u00a0 El ministro de Relaciones Exteriores de Ir\u00e1n, Hossein Amir Abdollahian, dijo hoy que cualquier acci\u00f3n militar turca en la frontera con Siria conducir\u00eda a una escalada de la tensi\u00f3n y complicar\u00eda la situaci\u00f3n.<\/p>\n<p style=\"text-align: justify;\">\u201cRecurrir a operaciones militares terrestres provocar\u00e1 una escalada de tensi\u00f3n y ocasionar\u00e1 da\u00f1os y p\u00e9rdidas que complicar\u00edan a\u00fan m\u00e1s la situaci\u00f3n\u201d, dijo Abdullahian, durante una llamada telef\u00f3nica con el ministro de Asuntos Exteriores del r\u00e9gimen turco, Cavusoglu.<\/p>\n<p style=\"text-align: justify;\">El representante permanente adjunto de Siria ante las Naciones Unidas, al-Hakam Dandi, dijo hoy durante una sesi\u00f3n del Consejo de Seguridad dedicada a los asuntos pol\u00edticos y humanitarios en Siria, que Damasco condena en los t\u00e9rminos m\u00e1s en\u00e9rgicos las agresiones turcas contra territorio sirio.<\/p>\n<p style=\"text-align: justify;\">fm<\/p>\n<p style=\"text-align: justify;\">\n","protected":false},"excerpt":{"rendered":"<p>Teher\u00e1n, 30 nov (SANA)\u00a0\u00a0 El ministro de Relaciones Exteriores de Ir\u00e1n, Hossein Amir Abdollahian, dijo hoy que cualquier acci\u00f3n militar turca en la frontera con Siria conducir\u00eda a una escalada de la tensi\u00f3n y complicar\u00eda la situaci\u00f3n. \u201cRecurrir a operaciones militares terrestres provocar\u00e1 una escalada de tensi\u00f3n y ocasionar\u00e1 da\u00f1os y p\u00e9rdidas que complicar\u00edan a\u00fan &hellip;<\/p>\n","protected":false},"author":34,"featured_media":264236,"comment_status":"closed","ping_status":"closed","sticky":false,"template":"","format":"standard","meta":{"footnotes":""},"categories":[597,20724,467,7541],"tags":[],"class_list":["post-264234","post","type-post","status-publish","format-standard","has-post-thumbnail","","category-cinta-de-noticias","category-minuto-a-minuto","category-siria-y-el-mundo","category-ultimas-noticias"],"_links":{"self":[{"href":"https:\/\/archive.sana.sy\/es\/index.php?rest_route=\/wp\/v2\/posts\/264234"}],"collection":[{"href":"https:\/\/archive.sana.sy\/es\/index.php?rest_route=\/wp\/v2\/posts"}],"about":[{"href":"https:\/\/archive.sana.sy\/es\/index.php?rest_route=\/wp\/v2\/types\/post"}],"author":[{"embeddable":true,"href":"https:\/\/archive.sana.sy\/es\/index.php?rest_route=\/wp\/v2\/users\/34"}],"replies":[{"embeddable":true,"href":"https:\/\/archive.sana.sy\/es\/index.php?rest_route=%2Fwp%2Fv2%2Fcomments&post=264234"}],"version-history":[{"count":0,"href":"https:\/\/archive.sana.sy\/es\/index.php?rest_route=\/wp\/v2\/posts\/264234\/revisions"}],"wp:featuredmedia":[{"embeddable":true,"href":"https:\/\/archive.sana.sy\/es\/index.php?rest_route=\/wp\/v2\/media\/264236"}],"wp:attachment":[{"href":"https:\/\/archive.sana.sy\/es\/index.php?rest_route=%2Fwp%2Fv2%2Fmedia&parent=264234"}],"wp:term":[{"taxonomy":"category","embeddable":true,"href":"https:\/\/archive.sana.sy\/es\/index.php?rest_route=%2Fwp%2Fv2%2Fcategories&post=264234"},{"taxonomy":"post_tag","embeddable":true,"href":"https:\/\/archive.sana.sy\/es\/index.php?rest_route=%2Fwp%2Fv2%2Ftags&post=264234"}],"curies":[{"name":"wp","href":"https:\/\/api.w.org\/{rel}","templated":true}]}}