{"id":26426,"date":"2015-07-10T17:27:22","date_gmt":"2015-07-10T14:27:22","guid":{"rendered":"http:\/\/sana.sy\/es\/?p=26426"},"modified":"2015-07-10T17:27:22","modified_gmt":"2015-07-10T14:27:22","slug":"serie-de-atentados-sacuden-la-capital-iraqui","status":"publish","type":"post","link":"https:\/\/archive.sana.sy\/es\/?p=26426","title":{"rendered":"Serie de atentados sacuden la capital iraqu\u00ed"},"content":{"rendered":"<p><span style=\"color: #800000\">Bagdad-SANA<\/span><\/p>\n<p style=\"text-align: justify\">Al menos 16 personas perdieron la vida y decenas m\u00e1s resultaron heridas el jueves en una serie de atentados con coches bomba en Bagdad, la capital de Irak.<\/p>\n<p style=\"text-align: justify\">El ataque mort\u00edfero se produjo en el barrio de Zafaraniyah, suroeste de la capital, y dej\u00f3 nueve muertos; mientras tanto, otras tres personas en la localidad de Baiyaa (oeste), dos en Al-Furat (oeste) y dos m\u00e1s en Madain (suroeste) murieron por la explosi\u00f3n de coches bomba.<\/p>\n<p style=\"text-align: justify\">Hasta el momento, ning\u00fan grupo ha reivindicado la autor\u00eda del atentado, empero las autoridades culpan a los integrantes del grupo (Daesh) de perpetrar este tipo de ataques.<\/p>\n<p>M.Miri<\/p>\n","protected":false},"excerpt":{"rendered":"<p>Bagdad-SANA Al menos 16 personas perdieron la vida y decenas m\u00e1s resultaron heridas el jueves en una serie de atentados con coches bomba en Bagdad, la capital de Irak. El ataque mort\u00edfero se produjo en el barrio de Zafaraniyah, suroeste de la capital, y dej\u00f3 nueve muertos; mientras tanto, otras tres personas en la localidad &hellip;<\/p>\n","protected":false},"author":1,"featured_media":23300,"comment_status":"closed","ping_status":"closed","sticky":false,"template":"","format":"standard","meta":{"footnotes":""},"categories":[456,457,576],"tags":[5941],"class_list":["post-26426","post","type-post","status-publish","format-standard","has-post-thumbnail","","category-arabe-internacional-politica","category-noticias-arabe-internacional-politica","category-noticias-politicas","tag-serie-de-atentados-sacuden-la-capital-iraqui"],"_links":{"self":[{"href":"https:\/\/archive.sana.sy\/es\/index.php?rest_route=\/wp\/v2\/posts\/26426"}],"collection":[{"href":"https:\/\/archive.sana.sy\/es\/index.php?rest_route=\/wp\/v2\/posts"}],"about":[{"href":"https:\/\/archive.sana.sy\/es\/index.php?rest_route=\/wp\/v2\/types\/post"}],"author":[{"embeddable":true,"href":"https:\/\/archive.sana.sy\/es\/index.php?rest_route=\/wp\/v2\/users\/1"}],"replies":[{"embeddable":true,"href":"https:\/\/archive.sana.sy\/es\/index.php?rest_route=%2Fwp%2Fv2%2Fcomments&post=26426"}],"version-history":[{"count":0,"href":"https:\/\/archive.sana.sy\/es\/index.php?rest_route=\/wp\/v2\/posts\/26426\/revisions"}],"wp:featuredmedia":[{"embeddable":true,"href":"https:\/\/archive.sana.sy\/es\/index.php?rest_route=\/wp\/v2\/media\/23300"}],"wp:attachment":[{"href":"https:\/\/archive.sana.sy\/es\/index.php?rest_route=%2Fwp%2Fv2%2Fmedia&parent=26426"}],"wp:term":[{"taxonomy":"category","embeddable":true,"href":"https:\/\/archive.sana.sy\/es\/index.php?rest_route=%2Fwp%2Fv2%2Fcategories&post=26426"},{"taxonomy":"post_tag","embeddable":true,"href":"https:\/\/archive.sana.sy\/es\/index.php?rest_route=%2Fwp%2Fv2%2Ftags&post=26426"}],"curies":[{"name":"wp","href":"https:\/\/api.w.org\/{rel}","templated":true}]}}