{"id":264339,"date":"2022-11-30T17:02:08","date_gmt":"2022-11-30T15:02:08","guid":{"rendered":"http:\/\/107.6.182.27\/es\/?p=264339"},"modified":"2023-01-10T14:02:20","modified_gmt":"2023-01-10T12:02:20","slug":"abjasia-abrira-representacion-comercial-en-siria-para-impulsar-cooperacion-economica-binacional","status":"publish","type":"post","link":"https:\/\/archive.sana.sy\/es\/?p=264339","title":{"rendered":"Abjasia abrir\u00e1 representaci\u00f3n comercial en Siria para impulsar cooperaci\u00f3n econ\u00f3mica binacional"},"content":{"rendered":"<p style=\"text-align: justify\"><strong><span style=\"color: #800000\">Sujumi, 30 nov (SANA)<\/span><\/strong> El gobierno de Abjasia aprob\u00f3 este mi\u00e9rcoles un proyecto de resoluci\u00f3n planteado por el Ministerio de Econom\u00eda para cerrar un acuerdo con Siria sobre la apertura de dos representaciones comerciales en ambos pa\u00edses.<\/p>\n<p style=\"text-align: justify\">Seg\u00fan el proyecto de acuerdo, se abrir\u00e1 una oficina comercial siria en la capital abjasia y viceversa, con el objetivo de mejorar la cooperaci\u00f3n y la coordinaci\u00f3n en el campo econ\u00f3mico exterior.<\/p>\n<p style=\"text-align: justify\">Asimismo estipula que esta decisi\u00f3n tiene como objetivo impulsar las relaciones econ\u00f3micas y comerciales entre los dos pa\u00edses y ayudar a concluir acuerdos en materia comercial, econ\u00f3mica, cient\u00edfica y t\u00e9cnica, establecer instituciones conjuntas y desarrollar otras formas de actividad econ\u00f3mica.<\/p>\n<p style=\"text-align: justify\">Siria reconoci\u00f3 la independencia de Abjasia en mayo de 2018 y estableci\u00f3 relaciones diplom\u00e1ticas con ella.<\/p>\n<p style=\"text-align: justify\">la<\/p>\n","protected":false},"excerpt":{"rendered":"<p>Sujumi, 30 nov (SANA) El gobierno de Abjasia aprob\u00f3 este mi\u00e9rcoles un proyecto de resoluci\u00f3n planteado por el Ministerio de Econom\u00eda para cerrar un acuerdo con Siria sobre la apertura de dos representaciones comerciales en ambos pa\u00edses. Seg\u00fan el proyecto de acuerdo, se abrir\u00e1 una oficina comercial siria en la capital abjasia y viceversa, con &hellip;<\/p>\n","protected":false},"author":24,"featured_media":264340,"comment_status":"closed","ping_status":"closed","sticky":false,"template":"","format":"standard","meta":{"footnotes":""},"categories":[447,597,485,20724,7541],"tags":[],"class_list":["post-264339","post","type-post","status-publish","format-standard","has-post-thumbnail","","category-local-politica","category-cinta-de-noticias","category-informes-negocios-y-finanzas","category-minuto-a-minuto","category-ultimas-noticias"],"_links":{"self":[{"href":"https:\/\/archive.sana.sy\/es\/index.php?rest_route=\/wp\/v2\/posts\/264339"}],"collection":[{"href":"https:\/\/archive.sana.sy\/es\/index.php?rest_route=\/wp\/v2\/posts"}],"about":[{"href":"https:\/\/archive.sana.sy\/es\/index.php?rest_route=\/wp\/v2\/types\/post"}],"author":[{"embeddable":true,"href":"https:\/\/archive.sana.sy\/es\/index.php?rest_route=\/wp\/v2\/users\/24"}],"replies":[{"embeddable":true,"href":"https:\/\/archive.sana.sy\/es\/index.php?rest_route=%2Fwp%2Fv2%2Fcomments&post=264339"}],"version-history":[{"count":0,"href":"https:\/\/archive.sana.sy\/es\/index.php?rest_route=\/wp\/v2\/posts\/264339\/revisions"}],"wp:featuredmedia":[{"embeddable":true,"href":"https:\/\/archive.sana.sy\/es\/index.php?rest_route=\/wp\/v2\/media\/264340"}],"wp:attachment":[{"href":"https:\/\/archive.sana.sy\/es\/index.php?rest_route=%2Fwp%2Fv2%2Fmedia&parent=264339"}],"wp:term":[{"taxonomy":"category","embeddable":true,"href":"https:\/\/archive.sana.sy\/es\/index.php?rest_route=%2Fwp%2Fv2%2Fcategories&post=264339"},{"taxonomy":"post_tag","embeddable":true,"href":"https:\/\/archive.sana.sy\/es\/index.php?rest_route=%2Fwp%2Fv2%2Ftags&post=264339"}],"curies":[{"name":"wp","href":"https:\/\/api.w.org\/{rel}","templated":true}]}}