{"id":264344,"date":"2022-11-30T17:17:12","date_gmt":"2022-11-30T15:17:12","guid":{"rendered":"http:\/\/107.6.182.27\/es\/?p=264344"},"modified":"2023-01-10T14:02:19","modified_gmt":"2023-01-10T12:02:19","slug":"rusia-confirma-celebracion-de-un-foro-en-kazan-para-abordar-la-restauracion-de-las-antiguedades-sirias","status":"publish","type":"post","link":"https:\/\/archive.sana.sy\/es\/?p=264344","title":{"rendered":"Rusia confirma celebraci\u00f3n de un foro en Kaz\u00e1n para abordar la restauraci\u00f3n de las antig\u00fcedades sirias"},"content":{"rendered":"<p style=\"text-align: justify\"><span style=\"color: #800000\"><strong>Mosc\u00fa, 30 nov (SANA)<\/strong> <\/span>El Ministerio de Relaciones Exteriores de Rusia anunci\u00f3 la celebraci\u00f3n de un foro internacional en la ciudad de Kaz\u00e1n, capital de la Rep\u00fablica de Tartarist\u00e1n, durante el per\u00edodo del 5 al 8 del pr\u00f3ximo mes de diciembre, para examinar el tema de la restauraci\u00f3n de antig\u00fcedades de Siria.<\/p>\n<p style=\"text-align: justify\">Esto se producir\u00e1 con motivo del 50\u00ba aniversario de la celebraci\u00f3n del Tratado para la Preservaci\u00f3n del Patrimonio Mundial Cultural y Natural.<\/p>\n<p style=\"text-align: justify\">El secretario del Comit\u00e9 Ruso de la UNESCO, Consejero del Ministerio de Relaciones Exteriores, Grigory Orgo Nikidze,destac\u00f3 en un comunicado que entre los temas a discutir en el foro se destaca la Gran Ruta de la Seda y la restauraci\u00f3n de las antig\u00fcedades sirias, particularmente las que se encuentran en Palmira.<\/p>\n<p style=\"text-align: justify\">\u201cLa Ministra de Cultura de Siria participar\u00e1 en los trabajos del Foro\u201d, agreg\u00f3.<\/p>\n<p style=\"text-align: justify\">\nla<\/p>\n","protected":false},"excerpt":{"rendered":"<p>Mosc\u00fa, 30 nov (SANA) El Ministerio de Relaciones Exteriores de Rusia anunci\u00f3 la celebraci\u00f3n de un foro internacional en la ciudad de Kaz\u00e1n, capital de la Rep\u00fablica de Tartarist\u00e1n, durante el per\u00edodo del 5 al 8 del pr\u00f3ximo mes de diciembre, para examinar el tema de la restauraci\u00f3n de antig\u00fcedades de Siria. Esto se producir\u00e1 &hellip;<\/p>\n","protected":false},"author":24,"featured_media":264345,"comment_status":"closed","ping_status":"closed","sticky":false,"template":"","format":"standard","meta":{"footnotes":""},"categories":[447,597,20724,467,7541],"tags":[],"class_list":["post-264344","post","type-post","status-publish","format-standard","has-post-thumbnail","","category-local-politica","category-cinta-de-noticias","category-minuto-a-minuto","category-siria-y-el-mundo","category-ultimas-noticias"],"_links":{"self":[{"href":"https:\/\/archive.sana.sy\/es\/index.php?rest_route=\/wp\/v2\/posts\/264344"}],"collection":[{"href":"https:\/\/archive.sana.sy\/es\/index.php?rest_route=\/wp\/v2\/posts"}],"about":[{"href":"https:\/\/archive.sana.sy\/es\/index.php?rest_route=\/wp\/v2\/types\/post"}],"author":[{"embeddable":true,"href":"https:\/\/archive.sana.sy\/es\/index.php?rest_route=\/wp\/v2\/users\/24"}],"replies":[{"embeddable":true,"href":"https:\/\/archive.sana.sy\/es\/index.php?rest_route=%2Fwp%2Fv2%2Fcomments&post=264344"}],"version-history":[{"count":0,"href":"https:\/\/archive.sana.sy\/es\/index.php?rest_route=\/wp\/v2\/posts\/264344\/revisions"}],"wp:featuredmedia":[{"embeddable":true,"href":"https:\/\/archive.sana.sy\/es\/index.php?rest_route=\/wp\/v2\/media\/264345"}],"wp:attachment":[{"href":"https:\/\/archive.sana.sy\/es\/index.php?rest_route=%2Fwp%2Fv2%2Fmedia&parent=264344"}],"wp:term":[{"taxonomy":"category","embeddable":true,"href":"https:\/\/archive.sana.sy\/es\/index.php?rest_route=%2Fwp%2Fv2%2Fcategories&post=264344"},{"taxonomy":"post_tag","embeddable":true,"href":"https:\/\/archive.sana.sy\/es\/index.php?rest_route=%2Fwp%2Fv2%2Ftags&post=264344"}],"curies":[{"name":"wp","href":"https:\/\/api.w.org\/{rel}","templated":true}]}}