{"id":264347,"date":"2022-11-30T17:30:22","date_gmt":"2022-11-30T15:30:22","guid":{"rendered":"http:\/\/107.6.182.27\/es\/?p=264347"},"modified":"2023-01-10T15:49:36","modified_gmt":"2023-01-10T13:49:36","slug":"shoigu-rusia-dedicara-atencion-especial-a-sus-fuerzas-nucleares-en-2023","status":"publish","type":"post","link":"https:\/\/archive.sana.sy\/es\/?p=264347","title":{"rendered":"Shoig\u00fa: Rusia dedicar\u00e1 atenci\u00f3n especial a sus fuerzas nucleares en 2023"},"content":{"rendered":"<blockquote>\n<p style=\"text-align: justify\"><strong><span style=\"color: #800000\"><em>&#8220;Actualmente en cinco grandes unidades de las Fuerzas de Misiles Estrat\u00e9gicos se est\u00e1n construyendo obras de infraestructura para alojar los nuevos sistemas de misiles. Adem\u00e1s, la Fuerza Aeroespacial rusa est\u00e1 construyendo un pol\u00edgono militar interarmas en la regi\u00f3n de Krasnoyarsk, Siberia&#8221;<\/em><\/span><\/strong><\/p>\n<\/blockquote>\n<p style=\"text-align: justify\"><strong><span style=\"color: #800000\">Mosc\u00fa, 30 nov (SANA) \u2014<\/span><\/strong> El Ministro de Defensa de Rusia, Sergu\u00e9i Shoig\u00fa, dijo hoy que su pa\u00eds dedicar\u00e1 en 2023 atenci\u00f3n especial a las obras b\u00e1sicas de las fuerzas nucleares.<\/p>\n<p style=\"text-align: justify\">&#8220;Durante la elaboraci\u00f3n de la lista de obras b\u00e1sicas para 2023 se prestar\u00e1 atenci\u00f3n especial a la infraestructura de las fuerzas nucleares estrat\u00e9gicas&#8221;, dijo el titular citado por Sputnik, en una reuni\u00f3n de altos cargos del Ministerio de Defensa.<\/p>\n<p style=\"text-align: justify\">El ministro relat\u00f3 que la infraestructura para los nuevos misiles se est\u00e1 construyendo en cinco unidades militares de las Fuerzas de Misiles Estrat\u00e9gicos de Rusia.<\/p>\n<p style=\"text-align: justify\">&#8220;Actualmente en cinco grandes unidades de las Fuerzas de Misiles Estrat\u00e9gicos se est\u00e1n construyendo obras de infraestructura para alojar los nuevos sistemas de misiles. Adem\u00e1s, la Fuerza Aeroespacial rusa est\u00e1 construyendo un pol\u00edgono militar interarmas en la regi\u00f3n de Krasnoyarsk, Siberia&#8221;, apunt\u00f3 el titular de Defensa ruso.<\/p>\n<p style=\"text-align: justify\">fm\/la<\/p>\n","protected":false},"excerpt":{"rendered":"<p>&#8220;Actualmente en cinco grandes unidades de las Fuerzas de Misiles Estrat\u00e9gicos se est\u00e1n construyendo obras de infraestructura para alojar los nuevos sistemas de misiles. Adem\u00e1s, la Fuerza Aeroespacial rusa est\u00e1 construyendo un pol\u00edgono militar interarmas en la regi\u00f3n de Krasnoyarsk, Siberia&#8221; Mosc\u00fa, 30 nov (SANA) \u2014 El Ministro de Defensa de Rusia, Sergu\u00e9i Shoig\u00fa, dijo &hellip;<\/p>\n","protected":false},"author":24,"featured_media":264348,"comment_status":"closed","ping_status":"closed","sticky":false,"template":"","format":"standard","meta":{"footnotes":""},"categories":[597,456,20724,7541],"tags":[],"class_list":["post-264347","post","type-post","status-publish","format-standard","has-post-thumbnail","","category-cinta-de-noticias","category-arabe-internacional-politica","category-minuto-a-minuto","category-ultimas-noticias"],"_links":{"self":[{"href":"https:\/\/archive.sana.sy\/es\/index.php?rest_route=\/wp\/v2\/posts\/264347"}],"collection":[{"href":"https:\/\/archive.sana.sy\/es\/index.php?rest_route=\/wp\/v2\/posts"}],"about":[{"href":"https:\/\/archive.sana.sy\/es\/index.php?rest_route=\/wp\/v2\/types\/post"}],"author":[{"embeddable":true,"href":"https:\/\/archive.sana.sy\/es\/index.php?rest_route=\/wp\/v2\/users\/24"}],"replies":[{"embeddable":true,"href":"https:\/\/archive.sana.sy\/es\/index.php?rest_route=%2Fwp%2Fv2%2Fcomments&post=264347"}],"version-history":[{"count":0,"href":"https:\/\/archive.sana.sy\/es\/index.php?rest_route=\/wp\/v2\/posts\/264347\/revisions"}],"wp:featuredmedia":[{"embeddable":true,"href":"https:\/\/archive.sana.sy\/es\/index.php?rest_route=\/wp\/v2\/media\/264348"}],"wp:attachment":[{"href":"https:\/\/archive.sana.sy\/es\/index.php?rest_route=%2Fwp%2Fv2%2Fmedia&parent=264347"}],"wp:term":[{"taxonomy":"category","embeddable":true,"href":"https:\/\/archive.sana.sy\/es\/index.php?rest_route=%2Fwp%2Fv2%2Fcategories&post=264347"},{"taxonomy":"post_tag","embeddable":true,"href":"https:\/\/archive.sana.sy\/es\/index.php?rest_route=%2Fwp%2Fv2%2Ftags&post=264347"}],"curies":[{"name":"wp","href":"https:\/\/api.w.org\/{rel}","templated":true}]}}