{"id":264363,"date":"2022-11-30T19:13:03","date_gmt":"2022-11-30T17:13:03","guid":{"rendered":"http:\/\/107.6.182.27\/es\/?p=264363"},"modified":"2023-01-10T15:49:36","modified_gmt":"2023-01-10T13:49:36","slug":"rusia-anuncia-liberacion-de-la-ciudad-de-andreevka-de-las-fuerzas-del-regimen-ucraniano","status":"publish","type":"post","link":"https:\/\/archive.sana.sy\/es\/?p=264363","title":{"rendered":"Rusia anuncia liberaci\u00f3n de la ciudad de Andreevka de las fuerzas del r\u00e9gimen ucraniano"},"content":{"rendered":"<p style=\"text-align: justify\"><span style=\"color: #800000\"><strong>Mosc\u00fa, 30 nov (SANA)<\/strong> <\/span>El Ministerio de Defensa ruso anunci\u00f3 que el Ej\u00e9rcito ruso logr\u00f3 liberar completamente la ciudad de Andreevka en Donetsk \u00a0de las fuerzas del r\u00e9gimen ucraniano,.<\/p>\n<p style=\"text-align: justify\">&#8220;Como resultado de las acciones militares de las fuerzas rusas, la ciudad de Andreevka en la Rep\u00fablica Popular de Donetsk ha sido liberada por completo de las fuerzas ucranianas&#8221;, cit\u00f3 la agencia Novosti al ministerio.<\/p>\n<p style=\"text-align: justify\">\u201cEl ej\u00e9rcito ruso contin\u00faa su exitosa ofensiva en direcci\u00f3n a la ciudad de Vodianoye\u201d, agreg\u00f3.<\/p>\n<p style=\"text-align: justify\">Es de se\u00f1alar que el Ministerio de Defensa ruso anunci\u00f3 hoy la liberaci\u00f3n de Belogorovka y Berchi Travnya ubicados en el territorio de la Rep\u00fablica Popular de Donetsk.<\/p>\n<p style=\"text-align: justify\">\n<p style=\"text-align: justify\">la<\/p>\n","protected":false},"excerpt":{"rendered":"<p>Mosc\u00fa, 30 nov (SANA) El Ministerio de Defensa ruso anunci\u00f3 que el Ej\u00e9rcito ruso logr\u00f3 liberar completamente la ciudad de Andreevka en Donetsk \u00a0de las fuerzas del r\u00e9gimen ucraniano,. &#8220;Como resultado de las acciones militares de las fuerzas rusas, la ciudad de Andreevka en la Rep\u00fablica Popular de Donetsk ha sido liberada por completo de &hellip;<\/p>\n","protected":false},"author":24,"featured_media":264364,"comment_status":"closed","ping_status":"closed","sticky":false,"template":"","format":"standard","meta":{"footnotes":""},"categories":[447,597,456,7541],"tags":[],"class_list":["post-264363","post","type-post","status-publish","format-standard","has-post-thumbnail","","category-local-politica","category-cinta-de-noticias","category-arabe-internacional-politica","category-ultimas-noticias"],"_links":{"self":[{"href":"https:\/\/archive.sana.sy\/es\/index.php?rest_route=\/wp\/v2\/posts\/264363"}],"collection":[{"href":"https:\/\/archive.sana.sy\/es\/index.php?rest_route=\/wp\/v2\/posts"}],"about":[{"href":"https:\/\/archive.sana.sy\/es\/index.php?rest_route=\/wp\/v2\/types\/post"}],"author":[{"embeddable":true,"href":"https:\/\/archive.sana.sy\/es\/index.php?rest_route=\/wp\/v2\/users\/24"}],"replies":[{"embeddable":true,"href":"https:\/\/archive.sana.sy\/es\/index.php?rest_route=%2Fwp%2Fv2%2Fcomments&post=264363"}],"version-history":[{"count":0,"href":"https:\/\/archive.sana.sy\/es\/index.php?rest_route=\/wp\/v2\/posts\/264363\/revisions"}],"wp:featuredmedia":[{"embeddable":true,"href":"https:\/\/archive.sana.sy\/es\/index.php?rest_route=\/wp\/v2\/media\/264364"}],"wp:attachment":[{"href":"https:\/\/archive.sana.sy\/es\/index.php?rest_route=%2Fwp%2Fv2%2Fmedia&parent=264363"}],"wp:term":[{"taxonomy":"category","embeddable":true,"href":"https:\/\/archive.sana.sy\/es\/index.php?rest_route=%2Fwp%2Fv2%2Fcategories&post=264363"},{"taxonomy":"post_tag","embeddable":true,"href":"https:\/\/archive.sana.sy\/es\/index.php?rest_route=%2Fwp%2Fv2%2Ftags&post=264363"}],"curies":[{"name":"wp","href":"https:\/\/api.w.org\/{rel}","templated":true}]}}