{"id":26439,"date":"2015-07-10T18:50:45","date_gmt":"2015-07-10T15:50:45","guid":{"rendered":"http:\/\/sana.sy\/es\/?p=26439"},"modified":"2015-07-11T17:43:41","modified_gmt":"2015-07-11T14:43:41","slug":"vice-presidente-del-parlamento-checo-los-intentos-de-fragmentar-siria-esta-condenadas-al-fracaso","status":"publish","type":"post","link":"https:\/\/archive.sana.sy\/es\/?p=26439","title":{"rendered":"Vice-Presidente del Parlamento checo: los intentos de fragmentar Siria esta condenadas al fracaso"},"content":{"rendered":"<p><span style=\"color: #800000\">Praga-SANA<\/span><\/p>\n<p style=\"text-align: justify\">El vice-Presidente del Parlamento de la Rep\u00fablica Checa Vojtech Filip, confirm\u00f3 que los intentos de algunos pa\u00edses para despedazar Siria est\u00e1n condenados al fracaso gracias a la firme unidad del tejido social sirio.<\/p>\n<p style=\"text-align: justify\">Durante su reuni\u00f3n con la delegaci\u00f3n parlamentaria siria que se encuentra actualmente en una visita oficial a Praga, Filip elogi\u00f3 el estado de coexistencia del que goza la sociedad siria, entre todos sus componentes.<\/p>\n<p style=\"text-align: justify\">Asimismo, el Vice-Presidente checo ha sido informado sobre la situaci\u00f3n actual que vive Siria bajo los ataques terroristas contra personas, la infraestructura y los establecimientos p\u00fablicos y privados, adem\u00e1s sobre el hecho de que las organizaciones terroristas que operan en Siria est\u00e1n formadas por miembros procedentes de m\u00e1s de 100 pa\u00edses y que son totalmente respaldados y financiados por pa\u00edses \u00e1rabes, regionales e internacionales, como Arabia Saudita, Qatar, Turqu\u00eda, los EE.UU., Francia y Gran Breta\u00f1a.<\/p>\n<p style=\"text-align: justify\">Por su parte, Filip aclar\u00f3 que la mayor\u00eda de los partidos pol\u00edticos checos representados en el Parlamento est\u00e1n a favor de reforzar y desarrollar las relaciones entre ambos pa\u00edses.<\/p>\n<p style=\"text-align: justify\">En el mismo contexto, la delegaci\u00f3n siria mantendr\u00e1 conversaciones con Hynek Kmonicek, jefe del departamento de relaciones exteriores de la Oficina de la Presidencia checa, y con Jakub Kulhanek, el viceministro de Relaciones Exteriores para Asuntos de Seguridad y multilaterales.<\/p>\n<p style=\"text-align: justify\">Cabe destacar que la delegaci\u00f3n parlamentaria siria hab\u00eda iniciado ayer una visita oficial de cuatro d\u00edas a la Rep\u00fablica Checa, donde examin\u00f3 con el Vicepresidente del Senado checo, Ivo B\u00e1rek la situaci\u00f3n en Siria y las v\u00edas de luchar contra el terrorismo.<\/p>\n<p><span style=\"color: #0000ff\">Alto funcionario checo: la crisis en Siria se soluciona a trav\u00e9s del di\u00e1logo<\/span><\/p>\n<p>El Vicecanciller checo para Asuntos Pol\u00edticos y de Seguridad, Jakob Koahanek, confirm\u00f3 que la Rep\u00fablica Checa ha adoptado hace varios a\u00f1os una postura clara respecto a la crisis en Siria, la cual se basa en la b\u00fasqueda de una soluci\u00f3n pac\u00edfica a trav\u00e9s del di\u00e1logo entre el gobierno sirio y la &#8220;oposici\u00f3n&#8221; no extremista.<\/p>\n<p>Koahanek dijo en un comunicado emitido tras una reuni\u00f3n en Praga con el Vicepresidente de la Asamblea del Pueblo siria, Dr. Fahmy Hassan, que &#8220;el objetivo de la reuni\u00f3n era obtener informaci\u00f3n sobre la situaci\u00f3n de seguridad en la regi\u00f3n, lo cual es considerado como tarea esencial para la canciller\u00eda checa&#8221;.<\/p>\n<p>Cabe resaltar que una delegaci\u00f3n parlamentaria siria encabezada por el Vicepresidente de la Asamblea del Pueblo siria, Dr. Fahmy Hassan, hab\u00eda comenzado una visita a la Rep\u00fablica Checa donde se reuni\u00f3 con altos funcionarios checos.<\/p>\n<p>M.Miri, Riad.Sh, Fady M.<\/p>\n","protected":false},"excerpt":{"rendered":"<p>Praga-SANA El vice-Presidente del Parlamento de la Rep\u00fablica Checa Vojtech Filip, confirm\u00f3 que los intentos de algunos pa\u00edses para despedazar Siria est\u00e1n condenados al fracaso gracias a la firme unidad del tejido social sirio. Durante su reuni\u00f3n con la delegaci\u00f3n parlamentaria siria que se encuentra actualmente en una visita oficial a Praga, Filip elogi\u00f3 el &hellip;<\/p>\n","protected":false},"author":1,"featured_media":26441,"comment_status":"closed","ping_status":"closed","sticky":false,"template":"","format":"standard","meta":{"footnotes":""},"categories":[456,457,576],"tags":[5946],"class_list":["post-26439","post","type-post","status-publish","format-standard","has-post-thumbnail","","category-arabe-internacional-politica","category-noticias-arabe-internacional-politica","category-noticias-politicas","tag-vice-presidente-del-parlamento-checo-los-intentos-de-fragmentar-siria-esta-condenadas-al-fracaso"],"_links":{"self":[{"href":"https:\/\/archive.sana.sy\/es\/index.php?rest_route=\/wp\/v2\/posts\/26439"}],"collection":[{"href":"https:\/\/archive.sana.sy\/es\/index.php?rest_route=\/wp\/v2\/posts"}],"about":[{"href":"https:\/\/archive.sana.sy\/es\/index.php?rest_route=\/wp\/v2\/types\/post"}],"author":[{"embeddable":true,"href":"https:\/\/archive.sana.sy\/es\/index.php?rest_route=\/wp\/v2\/users\/1"}],"replies":[{"embeddable":true,"href":"https:\/\/archive.sana.sy\/es\/index.php?rest_route=%2Fwp%2Fv2%2Fcomments&post=26439"}],"version-history":[{"count":0,"href":"https:\/\/archive.sana.sy\/es\/index.php?rest_route=\/wp\/v2\/posts\/26439\/revisions"}],"wp:featuredmedia":[{"embeddable":true,"href":"https:\/\/archive.sana.sy\/es\/index.php?rest_route=\/wp\/v2\/media\/26441"}],"wp:attachment":[{"href":"https:\/\/archive.sana.sy\/es\/index.php?rest_route=%2Fwp%2Fv2%2Fmedia&parent=26439"}],"wp:term":[{"taxonomy":"category","embeddable":true,"href":"https:\/\/archive.sana.sy\/es\/index.php?rest_route=%2Fwp%2Fv2%2Fcategories&post=26439"},{"taxonomy":"post_tag","embeddable":true,"href":"https:\/\/archive.sana.sy\/es\/index.php?rest_route=%2Fwp%2Fv2%2Ftags&post=26439"}],"curies":[{"name":"wp","href":"https:\/\/api.w.org\/{rel}","templated":true}]}}