{"id":264398,"date":"2022-12-01T04:47:46","date_gmt":"2022-12-01T02:47:46","guid":{"rendered":"http:\/\/107.6.182.27\/es\/?p=264398"},"modified":"2023-01-10T15:49:36","modified_gmt":"2023-01-10T13:49:36","slug":"moscu-alerta-a-la-otan-de-desplegar-tropas-en-suecia-y-finlandia","status":"publish","type":"post","link":"https:\/\/archive.sana.sy\/es\/?p=264398","title":{"rendered":"Mosc\u00fa alerta a la OTAN de desplegar tropas en Suecia y Finlandia"},"content":{"rendered":"<blockquote>\n<p style=\"text-align: justify;\"><span style=\"color: #993300;\">\u201cLos miembros de la OTAN los obligar\u00e1n a aceptar unidades extranjeras en sus tierras y desplegar fuerzas adicionales, lo que conducir\u00e1 a un deterioro de su seguridad militar y de la propia OTAN, y crear\u00e1 riesgos adicionales para este pa\u00eds\u201d<\/span><\/p>\n<\/blockquote>\n<p style=\"text-align: justify;\"><span style=\"color: #800000;\"><strong>Mosc\u00fa, 1 dic (SANA)\u00a0<\/strong> <\/span>El vicecanciller ruso, Alexander Grushko, consider\u00f3 hoy que el despliegue de fuerzas de la OTAN en Suecia y Finlandia supondr\u00e1 un deterioro de la seguridad de la propia alianza.<\/p>\n<p style=\"text-align: justify;\">\u201cDespu\u00e9s de que Suecia y Finlandia se unan a la OTAN, la alianza desplegar\u00e1 fuerzas adicionales en sus territorios, entrar\u00e1n en un sistema de defensa unificado y se convertir\u00e1n en parte de la planificaci\u00f3n de defensa de la OTAN\u201d, dijo Grushko citado por la agencia de noticias TASS.<\/p>\n<p style=\"text-align: justify;\">Explic\u00f3 que \u201clos miembros de la OTAN los obligar\u00e1n a aceptar unidades extranjeras en sus tierras y desplegar fuerzas adicionales, lo que conducir\u00e1 a un deterioro de su seguridad militar y de la propia OTAN, y crear\u00e1 riesgos adicionales para este pa\u00eds\u201d.<\/p>\n<p style=\"text-align: justify;\">\u201cEl impacto negativo de tal medida afectar\u00e1 no s\u00f3lo el estado de la seguridad europea, sino tambi\u00e9n la seguridad regional en el norte\u201d, manifest\u00f3 el funcionario.<\/p>\n<p style=\"text-align: justify;\">Con respecto a la posici\u00f3n de Rusia sobre esta cuesti\u00f3n, Groshko dijo: &#8220;estudiaremos posibles medidas para garantizar los intereses de defensa y seguridad, dependiendo de lo que suceda sobre el terreno&#8221;.<\/p>\n<p style=\"text-align: justify;\">fm<\/p>\n<p style=\"text-align: justify;\">\n","protected":false},"excerpt":{"rendered":"<p>\u201cLos miembros de la OTAN los obligar\u00e1n a aceptar unidades extranjeras en sus tierras y desplegar fuerzas adicionales, lo que conducir\u00e1 a un deterioro de su seguridad militar y de la propia OTAN, y crear\u00e1 riesgos adicionales para este pa\u00eds\u201d Mosc\u00fa, 1 dic (SANA)\u00a0 El vicecanciller ruso, Alexander Grushko, consider\u00f3 hoy que el despliegue de &hellip;<\/p>\n","protected":false},"author":34,"featured_media":264399,"comment_status":"closed","ping_status":"closed","sticky":false,"template":"","format":"standard","meta":{"footnotes":""},"categories":[597,456,20724,7541],"tags":[],"class_list":["post-264398","post","type-post","status-publish","format-standard","has-post-thumbnail","","category-cinta-de-noticias","category-arabe-internacional-politica","category-minuto-a-minuto","category-ultimas-noticias"],"_links":{"self":[{"href":"https:\/\/archive.sana.sy\/es\/index.php?rest_route=\/wp\/v2\/posts\/264398"}],"collection":[{"href":"https:\/\/archive.sana.sy\/es\/index.php?rest_route=\/wp\/v2\/posts"}],"about":[{"href":"https:\/\/archive.sana.sy\/es\/index.php?rest_route=\/wp\/v2\/types\/post"}],"author":[{"embeddable":true,"href":"https:\/\/archive.sana.sy\/es\/index.php?rest_route=\/wp\/v2\/users\/34"}],"replies":[{"embeddable":true,"href":"https:\/\/archive.sana.sy\/es\/index.php?rest_route=%2Fwp%2Fv2%2Fcomments&post=264398"}],"version-history":[{"count":0,"href":"https:\/\/archive.sana.sy\/es\/index.php?rest_route=\/wp\/v2\/posts\/264398\/revisions"}],"wp:featuredmedia":[{"embeddable":true,"href":"https:\/\/archive.sana.sy\/es\/index.php?rest_route=\/wp\/v2\/media\/264399"}],"wp:attachment":[{"href":"https:\/\/archive.sana.sy\/es\/index.php?rest_route=%2Fwp%2Fv2%2Fmedia&parent=264398"}],"wp:term":[{"taxonomy":"category","embeddable":true,"href":"https:\/\/archive.sana.sy\/es\/index.php?rest_route=%2Fwp%2Fv2%2Fcategories&post=264398"},{"taxonomy":"post_tag","embeddable":true,"href":"https:\/\/archive.sana.sy\/es\/index.php?rest_route=%2Fwp%2Fv2%2Ftags&post=264398"}],"curies":[{"name":"wp","href":"https:\/\/api.w.org\/{rel}","templated":true}]}}