{"id":2644,"date":"2014-06-10T13:52:01","date_gmt":"2014-06-10T10:52:01","guid":{"rendered":"http:\/\/sanasyria.org\/es\/?p=2644"},"modified":"2014-06-10T13:52:01","modified_gmt":"2014-06-10T10:52:01","slug":"banco-islamico-cham-se-une-a-la-bolsa-de-valores-de-damasco","status":"publish","type":"post","link":"https:\/\/archive.sana.sy\/es\/?p=2644","title":{"rendered":"Banco Isl\u00e1mico &#8220;Cham&#8221; se une a la Bolsa de Valores de Damasco"},"content":{"rendered":"<p style=\"color: #000000;\" align=\"justify\"><span style=\"color: #800000; font-family: Verdana; font-size: medium;\">Damasco, SANA<\/span><\/p>\n<p style=\"color: #000000;\" align=\"justify\"><span style=\"font-family: Verdana; font-size: medium;\">La Bolsa de Valores de Damasco celebr\u00f3 este lunes, la incorporaci\u00f3n a la misma del Banco Isl\u00e1mico &#8220;Cham&#8221;.<\/span><\/p>\n<p style=\"color: #000000;\" align=\"justify\"><span style=\"font-family: Verdana; font-size: medium;\">El presidente de la Junta de Comisionados de la Bolsa y los Mercados Financieros sirios, Dr. Abdul Rahman Mari, dijo que la incorporaci\u00f3n del Banco Isl\u00e1mico &#8220;Cham&#8221; a la bolsa, constituye un buen y positivo paso para el mercado y para la econom\u00eda nacional&#8221;, y revel\u00f3 que hay m\u00e1s de 5 empresas nominadas para su inclusi\u00f3n en la Bolsa.<\/span><\/p>\n<p style=\"color: #000000;\" align=\"justify\"><span style=\"font-family: Verdana; font-size: medium;\">Por su parte, el presidente de la Junta Administrativa de la Bolsa, Mohammed Ghassan al-Kalaa, dijo que los ahorros en el mercado son &#8220;la mejor inversi\u00f3n para mantener el dinero&#8221;, se\u00f1alando que todos los bancos cotizados &#8220;tendr\u00e1n un papel importante en la fase de reconstrucci\u00f3n que necesita de empresas especializadas en la reconstrucci\u00f3n y de sociedades por acciones.<\/span><\/p>\n<p style=\"color: #000000;\" align=\"justify\"><span style=\"font-family: Verdana; font-size: medium;\">La incorporaci\u00f3n del Banco &#8220;Cham&#8221; agrega 50 millones de acciones a la Bolsa de Valores con un capital de 50 mil millones de libras sirias.<\/span><\/p>\n<p style=\"color: #000000;\" align=\"justify\"><span style=\"color: #0000ff; font-family: Verdana; font-size: medium;\">Fady M., Hala B.<\/span><\/p>\n","protected":false},"excerpt":{"rendered":"<p>Damasco, SANA La Bolsa de Valores de Damasco celebr\u00f3 este lunes, la incorporaci\u00f3n a la misma del Banco Isl\u00e1mico &#8220;Cham&#8221;. El presidente de la Junta de Comisionados de la Bolsa y los Mercados Financieros sirios, Dr. Abdul Rahman Mari, dijo que la incorporaci\u00f3n del Banco Isl\u00e1mico &#8220;Cham&#8221; a la bolsa, constituye un buen y positivo &hellip;<\/p>\n","protected":false},"author":2,"featured_media":2645,"comment_status":"closed","ping_status":"closed","sticky":false,"template":"","format":"standard","meta":{"footnotes":""},"categories":[447],"tags":[588],"class_list":["post-2644","post","type-post","status-publish","format-standard","has-post-thumbnail","","category-local-politica","tag-banco-islamico-cham-se-une-a-la-bolsa-de-valores-de-damasco"],"_links":{"self":[{"href":"https:\/\/archive.sana.sy\/es\/index.php?rest_route=\/wp\/v2\/posts\/2644"}],"collection":[{"href":"https:\/\/archive.sana.sy\/es\/index.php?rest_route=\/wp\/v2\/posts"}],"about":[{"href":"https:\/\/archive.sana.sy\/es\/index.php?rest_route=\/wp\/v2\/types\/post"}],"author":[{"embeddable":true,"href":"https:\/\/archive.sana.sy\/es\/index.php?rest_route=\/wp\/v2\/users\/2"}],"replies":[{"embeddable":true,"href":"https:\/\/archive.sana.sy\/es\/index.php?rest_route=%2Fwp%2Fv2%2Fcomments&post=2644"}],"version-history":[{"count":0,"href":"https:\/\/archive.sana.sy\/es\/index.php?rest_route=\/wp\/v2\/posts\/2644\/revisions"}],"wp:featuredmedia":[{"embeddable":true,"href":"https:\/\/archive.sana.sy\/es\/index.php?rest_route=\/wp\/v2\/media\/2645"}],"wp:attachment":[{"href":"https:\/\/archive.sana.sy\/es\/index.php?rest_route=%2Fwp%2Fv2%2Fmedia&parent=2644"}],"wp:term":[{"taxonomy":"category","embeddable":true,"href":"https:\/\/archive.sana.sy\/es\/index.php?rest_route=%2Fwp%2Fv2%2Fcategories&post=2644"},{"taxonomy":"post_tag","embeddable":true,"href":"https:\/\/archive.sana.sy\/es\/index.php?rest_route=%2Fwp%2Fv2%2Ftags&post=2644"}],"curies":[{"name":"wp","href":"https:\/\/api.w.org\/{rel}","templated":true}]}}